{"id":922,"date":"2017-02-02T15:16:26","date_gmt":"2017-02-02T14:16:26","guid":{"rendered":"https:\/\/knappteich.de\/?p=922"},"modified":"2017-05-14T16:22:27","modified_gmt":"2017-05-14T14:22:27","slug":"stunde-der-gartenvoegel-wissenschaftliche-mitmachaktion-von-nabu-und-lbv","status":"publish","type":"post","link":"https:\/\/knappteich.de\/index.php\/2017\/02\/02\/stunde-der-gartenvoegel-wissenschaftliche-mitmachaktion-von-nabu-und-lbv\/","title":{"rendered":"Stunde der Gartenv\u00f6gel (wissenschaftliche Mitmachaktion von NABU und LBV)"},"content":{"rendered":"<p class=\"bodytext\">Der NABU und LBV rufen einmal im Jahr zur \u201eStunde der Winterv\u00f6gel\u201c bzw. \u201eStunde derGartenv\u00f6gel\u201c auf. Es ist Deutschlands gr\u00f6\u00dfte wissenschaftliche Mitmach-Aktion. Die n\u00e4chste \u201eStunde der Gartenv\u00f6gel\u201c findet \u00fcber Muttertag vom 12. bis 14. Mai 2017 statt. Je mehr Menschen an der Aktion teilnehmen, desto genauer werden die Ergebnisse. Die Meldungen werden auf <a href=\"https:\/\/www.stundederwintervoegel.de\" target=\"_blank\">www.stundederwintervoegel.de<\/a> bzw. <a href=\"https:\/\/www.stunde-der-wintervogel.de\" target=\"_blank\">www.stunde-der-wintervogel.de<\/a> (Bayern) bis auf Bundesland- und Landkreisebene ausgewertet.<\/p>\n<p class=\"bodytext\"><em>Info-Grafik <\/em><em>\u201e<\/em><em>Winterliche Snackbar <\/em><em>\u2013<\/em><em> Wer frisst was?<\/em>\u201c<em>: <\/em><em><br \/>\n<\/em><a href=\"https:\/\/www.NABU.de\/winterfuetterung\" target=\"_blank\"><em>www.NABU.de\/winterfuetterung<\/em><\/a><\/p>\n<p class=\"bodytext\"><em>Weitere Infos zur Aktion: <\/em><\/p>\n<p class=\"bodytext\"><em><a href=\"https:\/\/www.stundederwintervoegel.de\/\" target=\"_blank\">www.stundederwintervoegel.de<\/a><\/em><em> bzw. <\/em><em><a href=\"https:\/\/www.stunde-der-wintervoegel.de\/\" target=\"_blank\">www.stunde-der-wintervoegel.de<\/a><\/em><em> (Bayern) \u00a0\u00a0 <\/em><a href=\"https:\/\/www.vogelstimmen.info\/Vogelstimmen_GRATIS\/Amsel_Turdus_merula_G_AMPLE14748101.mp3\"><em><img loading=\"lazy\" decoding=\"async\" class=\"\" title=\"Vogel, Amsel, Singvogel, Natur\" src=\"https:\/\/cdn.pixabay.com\/photo\/2016\/09\/30\/14\/52\/bird-1705513__340.jpg\" srcset=\"https:\/\/cdn.pixabay.com\/photo\/2016\/09\/30\/14\/52\/bird-1705513__340.jpg 1x, https:\/\/cdn.pixabay.com\/photo\/2016\/09\/30\/14\/52\/bird-1705513__480.jpg 2x\" alt=\"Vogel, Amsel, Singvogel, Natur, Schwarz\" width=\"310\" height=\"209\" \/><\/em><\/a><\/p>\n<p class=\"bodytext\"><em>Vogelportr\u00e4ts:<br \/>\n<\/em><em><a href=\"https:\/\/www.nabu.de\/tiere-und-pflanzen\/aktionen-und-projekte\/stunde-der-wintervoegel\/vogelportraets\/index.html\" target=\"_blank\">www.NABU.de\/tiere-und-pflanzen\/aktionen-und-projekte\/stunde-der-wintervoegel\/vogelportraets\/index.html<\/a><\/em><\/p>\n<p class=\"bodytext\"><em>Video mit Anleitung, wie man selbst einen Futterspender f\u00fcr V\u00f6gel bauen kann: <\/em><em><a href=\"https:\/\/www.nabu.de\/futterspender-bauen\" target=\"_blank\">www.NABU.de\/futterspender-bauen<\/a><\/em><\/p>\n<p>&nbsp;<\/p>\n","protected":false},"excerpt":{"rendered":"<p>Der NABU und LBV rufen einmal im Jahr zur \u201eStunde der Winterv\u00f6gel\u201c bzw. \u201eStunde derGartenv\u00f6gel\u201c auf. Es ist Deutschlands gr\u00f6\u00dfte wissenschaftliche Mitmach-Aktion. Die n\u00e4chste \u201eStunde der Gartenv\u00f6gel\u201c findet \u00fcber Muttertag vom 12. bis 14. Mai 2017 statt. Je mehr Menschen &hellip; <a href=\"https:\/\/knappteich.de\/index.php\/2017\/02\/02\/stunde-der-gartenvoegel-wissenschaftliche-mitmachaktion-von-nabu-und-lbv\/\">Weiterlesen <span class=\"meta-nav\">&rarr;<\/span><\/a><\/p>\n","protected":false},"author":2,"featured_media":0,"comment_status":"closed","ping_status":"closed","sticky":false,"template":"","format":"standard","meta":{"footnotes":""},"categories":[3],"tags":[9,12,11,10],"class_list":["post-922","post","type-post","status-publish","format-standard","hentry","category-archiv","tag-gartenvoegel","tag-sommer","tag-winter","tag-zaehlung"],"_links":{"self":[{"href":"https:\/\/knappteich.de\/index.php\/wp-json\/wp\/v2\/posts\/922","targetHints":{"allow":["GET"]}}],"collection":[{"href":"https:\/\/knappteich.de\/index.php\/wp-json\/wp\/v2\/posts"}],"about":[{"href":"https:\/\/knappteich.de\/index.php\/wp-json\/wp\/v2\/types\/post"}],"author":[{"embeddable":true,"href":"https:\/\/knappteich.de\/index.php\/wp-json\/wp\/v2\/users\/2"}],"replies":[{"embeddable":true,"href":"https:\/\/knappteich.de\/index.php\/wp-json\/wp\/v2\/comments?post=922"}],"version-history":[{"count":6,"href":"https:\/\/knappteich.de\/index.php\/wp-json\/wp\/v2\/posts\/922\/revisions"}],"predecessor-version":[{"id":929,"href":"https:\/\/knappteich.de\/index.php\/wp-json\/wp\/v2\/posts\/922\/revisions\/929"}],"wp:attachment":[{"href":"https:\/\/knappteich.de\/index.php\/wp-json\/wp\/v2\/media?parent=922"}],"wp:term":[{"taxonomy":"category","embeddable":true,"href":"https:\/\/knappteich.de\/index.php\/wp-json\/wp\/v2\/categories?post=922"},{"taxonomy":"post_tag","embeddable":true,"href":"https:\/\/knappteich.de\/index.php\/wp-json\/wp\/v2\/tags?post=922"}],"curies":[{"name":"wp","href":"https:\/\/api.w.org\/{rel}","templated":true}]}}