{"id":859,"date":"2016-11-16T23:48:41","date_gmt":"2016-11-16T22:48:41","guid":{"rendered":"https:\/\/knappteich.de\/?p=859"},"modified":"2017-02-05T16:24:05","modified_gmt":"2017-02-05T15:24:05","slug":"herbstputz-2016-ergebnisse","status":"publish","type":"post","link":"https:\/\/knappteich.de\/index.php\/2016\/11\/16\/herbstputz-2016-ergebnisse\/","title":{"rendered":"Herbstputz 2016 &#8211; Ergebnisse"},"content":{"rendered":"<p>Hallo Knappteich-Interessierte,<\/p>\n<p>am 12.11. haben wir wieder einiges geschafft, was das Gel\u00e4nde um den Teich und im Knappteichgarten angeht. Hier einige Fotoimpressionen:<\/p>\n<p><a href=\"https:\/\/knappteich.de\/wp-content\/uploads\/2016\/11\/Einsatz01.jpg\"><img loading=\"lazy\" decoding=\"async\" class=\"alignnone wp-image-858\" src=\"https:\/\/knappteich.de\/wp-content\/uploads\/2016\/11\/Einsatz01-300x169.jpg\" alt=\"einsatz01\" width=\"339\" height=\"196\" \/> \u00a0 <\/a><a href=\"https:\/\/knappteich.de\/wp-content\/uploads\/2016\/11\/Zuanbereich_hinten_gepflegt.jpg\"><img loading=\"lazy\" decoding=\"async\" class=\"alignnone wp-image-854\" src=\"https:\/\/knappteich.de\/wp-content\/uploads\/2016\/11\/Zuanbereich_hinten_gepflegt-279x300.jpg\" alt=\"zuanbereich_hinten_gepflegt\" width=\"200\" height=\"214\" srcset=\"https:\/\/knappteich.de\/wp-content\/uploads\/2016\/11\/Zuanbereich_hinten_gepflegt-279x300.jpg 279w, https:\/\/knappteich.de\/wp-content\/uploads\/2016\/11\/Zuanbereich_hinten_gepflegt-768x826.jpg 768w, https:\/\/knappteich.de\/wp-content\/uploads\/2016\/11\/Zuanbereich_hinten_gepflegt.jpg 837w\" sizes=\"auto, (max-width: 200px) 100vw, 200px\" \/><\/a><\/p>\n<p>Die Furchen im Bereich der Sitzb\u00e4nke konnten dank der Erde vom Gr\u00fcnfl\u00e4chenamt ausgebessert werden. Der hintere Bereich des Knappteiches konnte durch die tatkr\u00e4ftige Mithilfe der CAWG von B\u00e4umen und Bl\u00e4ttern befreit werden. Dort taten auch die gespendeten Schubkarren von der Innung Sanit\u00e4r Heizung Klima gute Dienste. Vielen Dank an alle.<\/p>\n<p><!--more--><\/p>\n<p><a href=\"https:\/\/knappteich.de\/wp-content\/uploads\/2016\/11\/ASR_Tonnen_im_einsatz.jpg\"><img loading=\"lazy\" decoding=\"async\" class=\"alignnone wp-image-855\" src=\"https:\/\/knappteich.de\/wp-content\/uploads\/2016\/11\/ASR_Tonnen_im_einsatz-300x233.jpg\" alt=\"asr_tonnen_im_einsatz\" width=\"273\" height=\"214\" \/>\u00a0\u00a0\u00a0\u00a0\u00a0\u00a0\u00a0 <\/a><a href=\"https:\/\/knappteich.de\/wp-content\/uploads\/2016\/11\/GFA-Tonne_voll.jpg\"><img loading=\"lazy\" decoding=\"async\" class=\"alignnone wp-image-853\" src=\"https:\/\/knappteich.de\/wp-content\/uploads\/2016\/11\/GFA-Tonne_voll-196x300.jpg\" alt=\"gfa-tonne_voll\" width=\"149\" height=\"221\" \/><\/a><\/p>\n<p>Die vom ASR gespendeten Abfalltonnen konnten prima als Laubkarren verwendet werden und ersparten dank dem F\u00fcllungsverm\u00f6gen so einige Touren mit der Schubkarre. Am Ende war die Gr\u00fcnschnitttonne sehr gut gef\u00fcllt.<\/p>\n<p><a href=\"https:\/\/knappteich.de\/wp-content\/uploads\/2016\/11\/Hochbeet_01.jpg\">\u00a0<img loading=\"lazy\" decoding=\"async\" class=\"alignnone wp-image-856\" src=\"https:\/\/knappteich.de\/wp-content\/uploads\/2016\/11\/Hochbeet_01-300x200.jpg\" alt=\"hochbeet_01\" width=\"354\" height=\"240\" \/><\/a><\/p>\n<p>Mit dem neu aufgestellten Hochbeet wollen wir einen Blickfang f\u00fcr Anwohner und Interessierte schaffen und hoffen, das die eingepflanzten Topinamburknollen im n\u00e4chsten Sommer kr\u00e4ftig wachsen und gro\u00dfe gelbe Bl\u00fcten entwickeln.<\/p>\n<p><a href=\"https:\/\/knappteich.de\/wp-content\/uploads\/2016\/11\/Zaun_innen.jpg\"><img loading=\"lazy\" decoding=\"async\" class=\"alignnone size-medium wp-image-857\" src=\"https:\/\/knappteich.de\/wp-content\/uploads\/2016\/11\/Zaun_innen-300x223.jpg\" alt=\"zaun_innen\" width=\"300\" height=\"223\" srcset=\"https:\/\/knappteich.de\/wp-content\/uploads\/2016\/11\/Zaun_innen-300x223.jpg 300w, https:\/\/knappteich.de\/wp-content\/uploads\/2016\/11\/Zaun_innen-768x570.jpg 768w, https:\/\/knappteich.de\/wp-content\/uploads\/2016\/11\/Zaun_innen-404x300.jpg 404w, https:\/\/knappteich.de\/wp-content\/uploads\/2016\/11\/Zaun_innen.jpg 900w\" sizes=\"auto, (max-width: 300px) 100vw, 300px\" \/><\/a><\/p>\n<p>Im Knappteichgarten konnten Bereiche urbar gemacht werden, die im n\u00e4chsten Jahr f\u00fcr Neupflanzungen zur Verf\u00fcgung stehen.<\/p>\n","protected":false},"excerpt":{"rendered":"<p>Hallo Knappteich-Interessierte, am 12.11. haben wir wieder einiges geschafft, was das Gel\u00e4nde um den Teich und im Knappteichgarten angeht. Hier einige Fotoimpressionen: \u00a0 Die Furchen im Bereich der Sitzb\u00e4nke konnten dank der Erde vom Gr\u00fcnfl\u00e4chenamt ausgebessert werden. Der hintere Bereich &hellip; <a href=\"https:\/\/knappteich.de\/index.php\/2016\/11\/16\/herbstputz-2016-ergebnisse\/\">Weiterlesen <span class=\"meta-nav\">&rarr;<\/span><\/a><\/p>\n","protected":false},"author":3,"featured_media":0,"comment_status":"closed","ping_status":"closed","sticky":false,"template":"","format":"standard","meta":{"footnotes":""},"categories":[3],"tags":[],"class_list":["post-859","post","type-post","status-publish","format-standard","hentry","category-archiv"],"_links":{"self":[{"href":"https:\/\/knappteich.de\/index.php\/wp-json\/wp\/v2\/posts\/859","targetHints":{"allow":["GET"]}}],"collection":[{"href":"https:\/\/knappteich.de\/index.php\/wp-json\/wp\/v2\/posts"}],"about":[{"href":"https:\/\/knappteich.de\/index.php\/wp-json\/wp\/v2\/types\/post"}],"author":[{"embeddable":true,"href":"https:\/\/knappteich.de\/index.php\/wp-json\/wp\/v2\/users\/3"}],"replies":[{"embeddable":true,"href":"https:\/\/knappteich.de\/index.php\/wp-json\/wp\/v2\/comments?post=859"}],"version-history":[{"count":6,"href":"https:\/\/knappteich.de\/index.php\/wp-json\/wp\/v2\/posts\/859\/revisions"}],"predecessor-version":[{"id":865,"href":"https:\/\/knappteich.de\/index.php\/wp-json\/wp\/v2\/posts\/859\/revisions\/865"}],"wp:attachment":[{"href":"https:\/\/knappteich.de\/index.php\/wp-json\/wp\/v2\/media?parent=859"}],"wp:term":[{"taxonomy":"category","embeddable":true,"href":"https:\/\/knappteich.de\/index.php\/wp-json\/wp\/v2\/categories?post=859"},{"taxonomy":"post_tag","embeddable":true,"href":"https:\/\/knappteich.de\/index.php\/wp-json\/wp\/v2\/tags?post=859"}],"curies":[{"name":"wp","href":"https:\/\/api.w.org\/{rel}","templated":true}]}}