{"id":629,"date":"2016-04-10T23:03:26","date_gmt":"2016-04-10T21:03:26","guid":{"rendered":"https:\/\/knappteich.de\/?p=629"},"modified":"2016-10-29T21:25:51","modified_gmt":"2016-10-29T19:25:51","slug":"fruehjahrsputz-am-knappteich","status":"publish","type":"post","link":"https:\/\/knappteich.de\/index.php\/2016\/04\/10\/fruehjahrsputz-am-knappteich\/","title":{"rendered":"Fr\u00fchjahrsputz am Knappteich"},"content":{"rendered":"<p>Zum Fr\u00fchjahrsputz am Knappteich konnte dank vieler Helfer und bestem Wetter richtig was geschaffen werden. Die Wiesen und Wege um den Teich herum wurden ges\u00e4ubert und im Knappteichgarten wurden der Zaun weitergebaut, mehrere Baumscheiben f\u00fcr Pflanzungen angelegt, Erde durchgesiebt und das Beet f\u00fcr Pflanzen vorbereitet.<!--more--><\/p>\n<p style=\"text-align: left;\"><a href=\"https:\/\/knappteich.de\/wp-content\/uploads\/2016\/10\/Garten_gesamt-e1476477644808.jpg\"><img loading=\"lazy\" decoding=\"async\" class=\" wp-image-624 alignleft\" src=\"https:\/\/knappteich.de\/wp-content\/uploads\/2016\/10\/Garten_gesamt-300x225.jpg\" alt=\"garten_gesamt\" width=\"250\" height=\"190\" \/><\/a><a href=\"https:\/\/knappteich.de\/wp-content\/uploads\/2016\/10\/IMG_3603-e1476477715416.jpg\"><img loading=\"lazy\" decoding=\"async\" class=\"alignnone wp-image-625\" src=\"https:\/\/knappteich.de\/wp-content\/uploads\/2016\/10\/IMG_3603-300x225.jpg\" alt=\"img_3603\" width=\"250\" height=\"190\" \/><\/a><\/p>\n<p style=\"text-align: left;\"><a href=\"https:\/\/knappteich.de\/wp-content\/uploads\/2016\/10\/Zaun_vorn-e1476477867129.jpg\"><img loading=\"lazy\" decoding=\"async\" class=\"alignnone size-medium wp-image-628\" src=\"https:\/\/knappteich.de\/wp-content\/uploads\/2016\/10\/Zaun_vorn-195x300.jpg\" alt=\"zaun_vorn\" width=\"195\" height=\"300\" \/><\/a><a href=\"https:\/\/knappteich.de\/wp-content\/uploads\/2016\/10\/vorplatz-e1476477808191.jpg\"><img loading=\"lazy\" decoding=\"async\" class=\"size-medium wp-image-626 alignright\" src=\"https:\/\/knappteich.de\/wp-content\/uploads\/2016\/10\/vorplatz-300x230.jpg\" alt=\"vorplatz\" width=\"300\" height=\"230\" \/><\/a><\/p>\n<p style=\"text-align: left;\"><a href=\"https:\/\/knappteich.de\/wp-content\/uploads\/2016\/10\/Baumscheibe_klein-e1476477596972.jpg\"><img loading=\"lazy\" decoding=\"async\" class=\"alignnone wp-image-623\" src=\"https:\/\/knappteich.de\/wp-content\/uploads\/2016\/10\/Baumscheibe_klein-300x300.jpg\" alt=\"baumscheibe_klein\" width=\"224\" height=\"224\" \/><\/a><a href=\"https:\/\/knappteich.de\/wp-content\/uploads\/2016\/10\/Baumscheibe_Apfelbaum-e1476477548945.jpg\"><img loading=\"lazy\" decoding=\"async\" class=\"size-medium wp-image-622 alignright\" src=\"https:\/\/knappteich.de\/wp-content\/uploads\/2016\/10\/Baumscheibe_Apfelbaum-300x225.jpg\" alt=\"baumscheibe_apfelbaum\" width=\"300\" height=\"225\" \/><\/a><\/p>\n<p style=\"text-align: left;\">Dank an alle Mitmacher.<\/p>\n","protected":false},"excerpt":{"rendered":"<p>Zum Fr\u00fchjahrsputz am Knappteich konnte dank vieler Helfer und bestem Wetter richtig was geschaffen werden. Die Wiesen und Wege um den Teich herum wurden ges\u00e4ubert und im Knappteichgarten wurden der Zaun weitergebaut, mehrere Baumscheiben f\u00fcr Pflanzungen angelegt, Erde durchgesiebt und &hellip; <a href=\"https:\/\/knappteich.de\/index.php\/2016\/04\/10\/fruehjahrsputz-am-knappteich\/\">Weiterlesen <span class=\"meta-nav\">&rarr;<\/span><\/a><\/p>\n","protected":false},"author":3,"featured_media":0,"comment_status":"closed","ping_status":"closed","sticky":false,"template":"","format":"standard","meta":{"footnotes":""},"categories":[3],"tags":[],"class_list":["post-629","post","type-post","status-publish","format-standard","hentry","category-archiv"],"_links":{"self":[{"href":"https:\/\/knappteich.de\/index.php\/wp-json\/wp\/v2\/posts\/629","targetHints":{"allow":["GET"]}}],"collection":[{"href":"https:\/\/knappteich.de\/index.php\/wp-json\/wp\/v2\/posts"}],"about":[{"href":"https:\/\/knappteich.de\/index.php\/wp-json\/wp\/v2\/types\/post"}],"author":[{"embeddable":true,"href":"https:\/\/knappteich.de\/index.php\/wp-json\/wp\/v2\/users\/3"}],"replies":[{"embeddable":true,"href":"https:\/\/knappteich.de\/index.php\/wp-json\/wp\/v2\/comments?post=629"}],"version-history":[{"count":4,"href":"https:\/\/knappteich.de\/index.php\/wp-json\/wp\/v2\/posts\/629\/revisions"}],"predecessor-version":[{"id":791,"href":"https:\/\/knappteich.de\/index.php\/wp-json\/wp\/v2\/posts\/629\/revisions\/791"}],"wp:attachment":[{"href":"https:\/\/knappteich.de\/index.php\/wp-json\/wp\/v2\/media?parent=629"}],"wp:term":[{"taxonomy":"category","embeddable":true,"href":"https:\/\/knappteich.de\/index.php\/wp-json\/wp\/v2\/categories?post=629"},{"taxonomy":"post_tag","embeddable":true,"href":"https:\/\/knappteich.de\/index.php\/wp-json\/wp\/v2\/tags?post=629"}],"curies":[{"name":"wp","href":"https:\/\/api.w.org\/{rel}","templated":true}]}}