{"id":5893,"date":"2026-04-24T12:47:54","date_gmt":"2026-04-24T10:47:54","guid":{"rendered":"https:\/\/knappteich.de\/?p=5893"},"modified":"2026-04-27T12:48:04","modified_gmt":"2026-04-27T10:48:04","slug":"einwohnerversammlung-gablenz-yorckgebiet","status":"publish","type":"post","link":"https:\/\/knappteich.de\/index.php\/2026\/04\/24\/einwohnerversammlung-gablenz-yorckgebiet\/","title":{"rendered":"Einwohnerversammlung Gablenz\/Yorckgebiet"},"content":{"rendered":"\n<p>Am 23.04.2026 hat die Stadt zur <a href=\"https:\/\/www.chemnitz.de\/de\/rathaus\/einwohnerversammlungen\/april-2026\" data-type=\"link\" data-id=\"https:\/\/www.chemnitz.de\/de\/rathaus\/einwohnerversammlungen\/april-2026\" target=\"_blank\" rel=\"noreferrer noopener\">Einwohnerversammlung<\/a> f\u00fcr die Stadtteilgebiete Gablenz und Yorckgebiet in das Berufsschulzentrum an der Lutherstrasse eingeladen und ca. 60 Interessierte haben sich dort eingefunden. Das Projekt &#8222;Unser Knappteich&#8220; war am Stand der B\u00fcrgerplattform Mitte-Ost mit vertreten. Die Ausf\u00fchrungen der einzelnen \u00c4mter sind unter diesem <a href=\"https:\/\/d2vw8mc5mcb3gm.cloudfront.net\/fileadmin\/chemnitz\/media\/rathaus\/einwohnerversammlungen\/2026\/20260423_ewv_mitte-ost_praesentation.pdf\" data-type=\"link\" data-id=\"https:\/\/d2vw8mc5mcb3gm.cloudfront.net\/fileadmin\/chemnitz\/media\/rathaus\/einwohnerversammlungen\/2026\/20260423_ewv_mitte-ost_praesentation.pdf\" target=\"_blank\" rel=\"noreferrer noopener\">Link<\/a> einzusehen.<\/p>\n\n\n\n<p>Wir haben uns gefreut, das in der Pr\u00e4sentation des Baub\u00fcrgermeisters Thomas K\u00fctter sogar eine ganze Seite dem B\u00fcrgerprojekt &#8222;Unser Knappteich&#8220; gewidmet war. <\/p>\n\n\n\n<figure class=\"wp-block-image size-large\"><a href=\"https:\/\/knappteich.de\/wp-content\/uploads\/2026\/04\/20260423_EWV-Folie-Kuetter-Knappteich.jpg\"><img loading=\"lazy\" decoding=\"async\" width=\"1024\" height=\"568\" src=\"https:\/\/knappteich.de\/wp-content\/uploads\/2026\/04\/20260423_EWV-Folie-Kuetter-Knappteich-1024x568.jpg\" alt=\"\" class=\"wp-image-5895\" srcset=\"https:\/\/knappteich.de\/wp-content\/uploads\/2026\/04\/20260423_EWV-Folie-Kuetter-Knappteich-1024x568.jpg 1024w, https:\/\/knappteich.de\/wp-content\/uploads\/2026\/04\/20260423_EWV-Folie-Kuetter-Knappteich-300x166.jpg 300w, https:\/\/knappteich.de\/wp-content\/uploads\/2026\/04\/20260423_EWV-Folie-Kuetter-Knappteich-768x426.jpg 768w, https:\/\/knappteich.de\/wp-content\/uploads\/2026\/04\/20260423_EWV-Folie-Kuetter-Knappteich-1536x852.jpg 1536w, https:\/\/knappteich.de\/wp-content\/uploads\/2026\/04\/20260423_EWV-Folie-Kuetter-Knappteich-500x277.jpg 500w, https:\/\/knappteich.de\/wp-content\/uploads\/2026\/04\/20260423_EWV-Folie-Kuetter-Knappteich.jpg 1663w\" sizes=\"auto, (max-width: 1024px) 100vw, 1024px\" \/><\/a><figcaption class=\"wp-element-caption\">Auszug aus der <a href=\"https:\/\/d2vw8mc5mcb3gm.cloudfront.net\/fileadmin\/chemnitz\/media\/rathaus\/einwohnerversammlungen\/2026\/20260423_ewv_mitte-ost_praesentation.pdf\" data-type=\"link\" data-id=\"https:\/\/d2vw8mc5mcb3gm.cloudfront.net\/fileadmin\/chemnitz\/media\/rathaus\/einwohnerversammlungen\/2026\/20260423_ewv_mitte-ost_praesentation.pdf\">Pr\u00e4sentation der Stadt Chemnitz<\/a><\/figcaption><\/figure>\n\n\n\n<p>Zwar mit kleinen grammatikalischen H\u00fcrden &#8230; aber immerhin. \ud83d\ude09 <\/p>\n","protected":false},"excerpt":{"rendered":"<p>Am 23.04.2026 hat die Stadt zur Einwohnerversammlung f\u00fcr die Stadtteilgebiete Gablenz und Yorckgebiet in das Berufsschulzentrum an der Lutherstrasse eingeladen und ca. 60 Interessierte haben sich dort eingefunden. Das Projekt &#8222;Unser Knappteich&#8220; war am Stand der B\u00fcrgerplattform Mitte-Ost mit vertreten. &hellip; <a href=\"https:\/\/knappteich.de\/index.php\/2026\/04\/24\/einwohnerversammlung-gablenz-yorckgebiet\/\">Weiterlesen <span class=\"meta-nav\">&rarr;<\/span><\/a><\/p>\n","protected":false},"author":3,"featured_media":0,"comment_status":"closed","ping_status":"closed","sticky":false,"template":"","format":"standard","meta":{"footnotes":""},"categories":[1],"tags":[],"class_list":["post-5893","post","type-post","status-publish","format-standard","hentry","category-aktuell"],"_links":{"self":[{"href":"https:\/\/knappteich.de\/index.php\/wp-json\/wp\/v2\/posts\/5893","targetHints":{"allow":["GET"]}}],"collection":[{"href":"https:\/\/knappteich.de\/index.php\/wp-json\/wp\/v2\/posts"}],"about":[{"href":"https:\/\/knappteich.de\/index.php\/wp-json\/wp\/v2\/types\/post"}],"author":[{"embeddable":true,"href":"https:\/\/knappteich.de\/index.php\/wp-json\/wp\/v2\/users\/3"}],"replies":[{"embeddable":true,"href":"https:\/\/knappteich.de\/index.php\/wp-json\/wp\/v2\/comments?post=5893"}],"version-history":[{"count":3,"href":"https:\/\/knappteich.de\/index.php\/wp-json\/wp\/v2\/posts\/5893\/revisions"}],"predecessor-version":[{"id":5897,"href":"https:\/\/knappteich.de\/index.php\/wp-json\/wp\/v2\/posts\/5893\/revisions\/5897"}],"wp:attachment":[{"href":"https:\/\/knappteich.de\/index.php\/wp-json\/wp\/v2\/media?parent=5893"}],"wp:term":[{"taxonomy":"category","embeddable":true,"href":"https:\/\/knappteich.de\/index.php\/wp-json\/wp\/v2\/categories?post=5893"},{"taxonomy":"post_tag","embeddable":true,"href":"https:\/\/knappteich.de\/index.php\/wp-json\/wp\/v2\/tags?post=5893"}],"curies":[{"name":"wp","href":"https:\/\/api.w.org\/{rel}","templated":true}]}}