{"id":5812,"date":"2026-02-28T18:38:18","date_gmt":"2026-02-28T17:38:18","guid":{"rendered":"https:\/\/knappteich.de\/?p=5812"},"modified":"2026-02-28T18:38:18","modified_gmt":"2026-02-28T17:38:18","slug":"quarl-knappe-der-wasserjunge-vom-knappteich","status":"publish","type":"post","link":"https:\/\/knappteich.de\/index.php\/2026\/02\/28\/quarl-knappe-der-wasserjunge-vom-knappteich\/","title":{"rendered":"Quarl Knappe &#8211; der Wasserjunge vom Knappteich"},"content":{"rendered":"\n<p>Fr\u00fchlingsanfang und schon tauchen die sch\u00f6nsten Geschichten auf. Diesmal eine Ver\u00f6ffentlichung im <a href=\"https:\/\/www.371stadtmagazin.de\/\" target=\"_blank\" rel=\"noreferrer noopener\">371Stadtmagazin<\/a> zum <a href=\"https:\/\/maerchenbuch-chemnitz.de\/\" target=\"_blank\" rel=\"noreferrer noopener\">M\u00e4rchen\u00adwettbewerb Chemnitz<\/a> mit Bezug zum Knappteich. Es werden wieder Verfasser und Autorinnen aus der Region aufgerufen, ihre m\u00e4rchenhaften Geschichten \u00fcber Chemnitz einzureichen. Deadline ist der 15.03.2026. Die Details zum Wettbewerb findet Ihr <a href=\"https:\/\/maerchenbuch-chemnitz.de\/wettbewerb\/\" data-type=\"link\" data-id=\"https:\/\/maerchenbuch-chemnitz.de\/wettbewerb\/\" target=\"_blank\" rel=\"noreferrer noopener\">hier<\/a>.<\/p>\n\n\n\n<p>Als Teaser erfolgte diese Ver\u00f6ffentlichung im 371Stadtmagazin:<\/p>\n\n\n\n<figure class=\"wp-block-gallery has-nested-images columns-2 is-cropped wp-block-gallery-1 is-layout-flex wp-block-gallery-is-layout-flex\">\n<figure class=\"wp-block-image size-large\"><a href=\"https:\/\/knappteich.de\/wp-content\/uploads\/2026\/02\/260228_QuarlKnappe_01.jpg\"><img loading=\"lazy\" decoding=\"async\" width=\"754\" height=\"1024\" data-id=\"5815\" src=\"https:\/\/knappteich.de\/wp-content\/uploads\/2026\/02\/260228_QuarlKnappe_01-754x1024.jpg\" alt=\"\" class=\"wp-image-5815\" srcset=\"https:\/\/knappteich.de\/wp-content\/uploads\/2026\/02\/260228_QuarlKnappe_01-754x1024.jpg 754w, https:\/\/knappteich.de\/wp-content\/uploads\/2026\/02\/260228_QuarlKnappe_01-221x300.jpg 221w, https:\/\/knappteich.de\/wp-content\/uploads\/2026\/02\/260228_QuarlKnappe_01-768x1043.jpg 768w, https:\/\/knappteich.de\/wp-content\/uploads\/2026\/02\/260228_QuarlKnappe_01.jpg 902w\" sizes=\"auto, (max-width: 754px) 100vw, 754px\" \/><\/a><\/figure>\n\n\n\n<figure class=\"wp-block-image size-large\"><a href=\"https:\/\/knappteich.de\/wp-content\/uploads\/2026\/02\/260228_QuarlKnappe_02.jpg\"><img loading=\"lazy\" decoding=\"async\" width=\"784\" height=\"1024\" data-id=\"5814\" src=\"https:\/\/knappteich.de\/wp-content\/uploads\/2026\/02\/260228_QuarlKnappe_02-784x1024.jpg\" alt=\"\" class=\"wp-image-5814\" srcset=\"https:\/\/knappteich.de\/wp-content\/uploads\/2026\/02\/260228_QuarlKnappe_02-784x1024.jpg 784w, https:\/\/knappteich.de\/wp-content\/uploads\/2026\/02\/260228_QuarlKnappe_02-230x300.jpg 230w, https:\/\/knappteich.de\/wp-content\/uploads\/2026\/02\/260228_QuarlKnappe_02-768x1004.jpg 768w, https:\/\/knappteich.de\/wp-content\/uploads\/2026\/02\/260228_QuarlKnappe_02.jpg 965w\" sizes=\"auto, (max-width: 784px) 100vw, 784px\" \/><\/a><\/figure>\n\n\n\n<figure class=\"wp-block-image size-large\"><a href=\"https:\/\/knappteich.de\/wp-content\/uploads\/2026\/02\/260228_QuarlKnappe_03.jpg\"><img loading=\"lazy\" decoding=\"async\" width=\"1024\" height=\"690\" data-id=\"5816\" src=\"https:\/\/knappteich.de\/wp-content\/uploads\/2026\/02\/260228_QuarlKnappe_03-1024x690.jpg\" alt=\"\" class=\"wp-image-5816\" srcset=\"https:\/\/knappteich.de\/wp-content\/uploads\/2026\/02\/260228_QuarlKnappe_03-1024x690.jpg 1024w, https:\/\/knappteich.de\/wp-content\/uploads\/2026\/02\/260228_QuarlKnappe_03-300x202.jpg 300w, https:\/\/knappteich.de\/wp-content\/uploads\/2026\/02\/260228_QuarlKnappe_03-768x517.jpg 768w, https:\/\/knappteich.de\/wp-content\/uploads\/2026\/02\/260228_QuarlKnappe_03-1536x1034.jpg 1536w, https:\/\/knappteich.de\/wp-content\/uploads\/2026\/02\/260228_QuarlKnappe_03-445x300.jpg 445w, https:\/\/knappteich.de\/wp-content\/uploads\/2026\/02\/260228_QuarlKnappe_03.jpg 1920w\" sizes=\"auto, (max-width: 1024px) 100vw, 1024px\" \/><\/a><\/figure>\n<\/figure>\n","protected":false},"excerpt":{"rendered":"<p>Fr\u00fchlingsanfang und schon tauchen die sch\u00f6nsten Geschichten auf. Diesmal eine Ver\u00f6ffentlichung im 371Stadtmagazin zum M\u00e4rchen\u00adwettbewerb Chemnitz mit Bezug zum Knappteich. Es werden wieder Verfasser und Autorinnen aus der Region aufgerufen, ihre m\u00e4rchenhaften Geschichten \u00fcber Chemnitz einzureichen. Deadline ist der 15.03.2026. &hellip; <a href=\"https:\/\/knappteich.de\/index.php\/2026\/02\/28\/quarl-knappe-der-wasserjunge-vom-knappteich\/\">Weiterlesen <span class=\"meta-nav\">&rarr;<\/span><\/a><\/p>\n","protected":false},"author":3,"featured_media":0,"comment_status":"closed","ping_status":"closed","sticky":false,"template":"","format":"standard","meta":{"footnotes":""},"categories":[1],"tags":[],"class_list":["post-5812","post","type-post","status-publish","format-standard","hentry","category-aktuell"],"_links":{"self":[{"href":"https:\/\/knappteich.de\/index.php\/wp-json\/wp\/v2\/posts\/5812","targetHints":{"allow":["GET"]}}],"collection":[{"href":"https:\/\/knappteich.de\/index.php\/wp-json\/wp\/v2\/posts"}],"about":[{"href":"https:\/\/knappteich.de\/index.php\/wp-json\/wp\/v2\/types\/post"}],"author":[{"embeddable":true,"href":"https:\/\/knappteich.de\/index.php\/wp-json\/wp\/v2\/users\/3"}],"replies":[{"embeddable":true,"href":"https:\/\/knappteich.de\/index.php\/wp-json\/wp\/v2\/comments?post=5812"}],"version-history":[{"count":2,"href":"https:\/\/knappteich.de\/index.php\/wp-json\/wp\/v2\/posts\/5812\/revisions"}],"predecessor-version":[{"id":5817,"href":"https:\/\/knappteich.de\/index.php\/wp-json\/wp\/v2\/posts\/5812\/revisions\/5817"}],"wp:attachment":[{"href":"https:\/\/knappteich.de\/index.php\/wp-json\/wp\/v2\/media?parent=5812"}],"wp:term":[{"taxonomy":"category","embeddable":true,"href":"https:\/\/knappteich.de\/index.php\/wp-json\/wp\/v2\/categories?post=5812"},{"taxonomy":"post_tag","embeddable":true,"href":"https:\/\/knappteich.de\/index.php\/wp-json\/wp\/v2\/tags?post=5812"}],"curies":[{"name":"wp","href":"https:\/\/api.w.org\/{rel}","templated":true}]}}