{"id":5603,"date":"2025-08-12T15:52:16","date_gmt":"2025-08-12T13:52:16","guid":{"rendered":"https:\/\/knappteich.de\/?p=5603"},"modified":"2026-01-10T11:17:26","modified_gmt":"2026-01-10T10:17:26","slug":"steuerungsgruppe-mitte-ost-tagt-am-knappteich","status":"publish","type":"post","link":"https:\/\/knappteich.de\/index.php\/2025\/08\/12\/steuerungsgruppe-mitte-ost-tagt-am-knappteich\/","title":{"rendered":"Steuerungsgruppe Mitte-Ost tagt am Knappteich"},"content":{"rendered":"\n<p>Diesen Montag traf sich die Steuerungsgruppe der <a href=\"https:\/\/bpf-mitteost.de\/sdb\/\" target=\"_blank\" rel=\"noreferrer noopener\">B\u00fcrgerplattform Mitte-Ost Gablenz-Yorckgebiet<\/a> im B\u00fcrgergarten am Knappteich.<\/p>\n\n\n\n<p>Die Steuerungsgruppe der B\u00fcrgerplattform ist ein gew\u00e4hltes Gremium von aktiven B\u00fcrgern des Stadtgebietes. Das Gremium entscheidet \u00fcber die Mittelvergabe an die Mikroprojekte und kann Stellungnahmen zu Vorhaben der Stadtverwaltung in die Stadtratsgremien abgeben.<\/p>\n\n\n\n<p><strong>Wie die Unterst\u00fctzung f\u00fcr Dein B\u00fcrgerprojekt im Einzugsgebiet aussehen kann, kannst Du beim <a href=\"https:\/\/bpf-mitteost.de\/sdb\/?page_id=16\" target=\"_blank\" rel=\"noreferrer noopener\">Koordinator<\/a> der B\u00fcrgerplattform erfragen.<\/strong><\/p>\n\n\n\n<figure class=\"wp-block-image size-large\"><a href=\"https:\/\/knappteich.de\/wp-content\/uploads\/2025\/08\/20250811_Steuerungsgruppe-am-Knappteich.jpg\"><img loading=\"lazy\" decoding=\"async\" width=\"1024\" height=\"576\" src=\"https:\/\/knappteich.de\/wp-content\/uploads\/2025\/08\/20250811_Steuerungsgruppe-am-Knappteich-1024x576.jpg\" alt=\"\" class=\"wp-image-5601\" srcset=\"https:\/\/knappteich.de\/wp-content\/uploads\/2025\/08\/20250811_Steuerungsgruppe-am-Knappteich-1024x576.jpg 1024w, https:\/\/knappteich.de\/wp-content\/uploads\/2025\/08\/20250811_Steuerungsgruppe-am-Knappteich-300x169.jpg 300w, https:\/\/knappteich.de\/wp-content\/uploads\/2025\/08\/20250811_Steuerungsgruppe-am-Knappteich-768x432.jpg 768w, https:\/\/knappteich.de\/wp-content\/uploads\/2025\/08\/20250811_Steuerungsgruppe-am-Knappteich-500x281.jpg 500w, https:\/\/knappteich.de\/wp-content\/uploads\/2025\/08\/20250811_Steuerungsgruppe-am-Knappteich.jpg 1280w\" sizes=\"auto, (max-width: 1024px) 100vw, 1024px\" \/><\/a><figcaption class=\"wp-element-caption\">Steuerungsgruppe Mitte-Ost tagt am Knappteich<\/figcaption><\/figure>\n","protected":false},"excerpt":{"rendered":"<p>Diesen Montag traf sich die Steuerungsgruppe der B\u00fcrgerplattform Mitte-Ost Gablenz-Yorckgebiet im B\u00fcrgergarten am Knappteich. Die Steuerungsgruppe der B\u00fcrgerplattform ist ein gew\u00e4hltes Gremium von aktiven B\u00fcrgern des Stadtgebietes. Das Gremium entscheidet \u00fcber die Mittelvergabe an die Mikroprojekte und kann Stellungnahmen zu &hellip; <a href=\"https:\/\/knappteich.de\/index.php\/2025\/08\/12\/steuerungsgruppe-mitte-ost-tagt-am-knappteich\/\">Weiterlesen <span class=\"meta-nav\">&rarr;<\/span><\/a><\/p>\n","protected":false},"author":3,"featured_media":0,"comment_status":"closed","ping_status":"closed","sticky":false,"template":"","format":"standard","meta":{"footnotes":""},"categories":[3],"tags":[],"class_list":["post-5603","post","type-post","status-publish","format-standard","hentry","category-archiv"],"_links":{"self":[{"href":"https:\/\/knappteich.de\/index.php\/wp-json\/wp\/v2\/posts\/5603","targetHints":{"allow":["GET"]}}],"collection":[{"href":"https:\/\/knappteich.de\/index.php\/wp-json\/wp\/v2\/posts"}],"about":[{"href":"https:\/\/knappteich.de\/index.php\/wp-json\/wp\/v2\/types\/post"}],"author":[{"embeddable":true,"href":"https:\/\/knappteich.de\/index.php\/wp-json\/wp\/v2\/users\/3"}],"replies":[{"embeddable":true,"href":"https:\/\/knappteich.de\/index.php\/wp-json\/wp\/v2\/comments?post=5603"}],"version-history":[{"count":1,"href":"https:\/\/knappteich.de\/index.php\/wp-json\/wp\/v2\/posts\/5603\/revisions"}],"predecessor-version":[{"id":5604,"href":"https:\/\/knappteich.de\/index.php\/wp-json\/wp\/v2\/posts\/5603\/revisions\/5604"}],"wp:attachment":[{"href":"https:\/\/knappteich.de\/index.php\/wp-json\/wp\/v2\/media?parent=5603"}],"wp:term":[{"taxonomy":"category","embeddable":true,"href":"https:\/\/knappteich.de\/index.php\/wp-json\/wp\/v2\/categories?post=5603"},{"taxonomy":"post_tag","embeddable":true,"href":"https:\/\/knappteich.de\/index.php\/wp-json\/wp\/v2\/tags?post=5603"}],"curies":[{"name":"wp","href":"https:\/\/api.w.org\/{rel}","templated":true}]}}