{"id":5433,"date":"2025-05-11T11:03:48","date_gmt":"2025-05-11T09:03:48","guid":{"rendered":"https:\/\/knappteich.de\/?p=5433"},"modified":"2025-12-04T08:35:36","modified_gmt":"2025-12-04T07:35:36","slug":"fruehjahrsputz-kgv-zur-vogelweid-auch-2025-mit-ausklang-im-buergergarten","status":"publish","type":"post","link":"https:\/\/knappteich.de\/index.php\/2025\/05\/11\/fruehjahrsputz-kgv-zur-vogelweid-auch-2025-mit-ausklang-im-buergergarten\/","title":{"rendered":"Fr\u00fchjahrsputz KGV &#8222;Zur Vogelweid&#8220; auch 2025 mit Ausklang im B\u00fcrgergarten"},"content":{"rendered":"\n<p>Die Kleing\u00e4rtner der <a href=\"https:\/\/stadtverband-chemnitz.de\/mitgliedsvereine\/zur_vogelweid-120.html\" target=\"_blank\" rel=\"noreferrer noopener\">Gartensparte \u201eZur Vogelweid\u201c<\/a> fanden sich auch 2025 wieder zum Ausklang ihres Fr\u00fchjahrsputzes im B\u00fcrgergarten am Knappteich ein. Bei Grill, Salat und Getr\u00e4nken konnten wir mit den ca. 30 Teilnehmenden \u00fcber &#8222;G\u00e4rtnerbelange&#8220; und weitere Pl\u00e4ne f\u00fcr den Knappteich und die Sparte diskutieren. <\/p>\n\n\n\n<figure class=\"wp-block-gallery has-nested-images columns-default is-cropped wp-block-gallery-1 is-layout-flex wp-block-gallery-is-layout-flex\">\n<figure class=\"wp-block-image size-large\"><a href=\"https:\/\/knappteich.de\/wp-content\/uploads\/2025\/05\/250510_Fruehjahrsputz-Vogelweid_01.jpg\"><img loading=\"lazy\" decoding=\"async\" width=\"1024\" height=\"576\" data-id=\"5429\" src=\"https:\/\/knappteich.de\/wp-content\/uploads\/2025\/05\/250510_Fruehjahrsputz-Vogelweid_01-1024x576.jpg\" alt=\"\" class=\"wp-image-5429\" srcset=\"https:\/\/knappteich.de\/wp-content\/uploads\/2025\/05\/250510_Fruehjahrsputz-Vogelweid_01-1024x576.jpg 1024w, https:\/\/knappteich.de\/wp-content\/uploads\/2025\/05\/250510_Fruehjahrsputz-Vogelweid_01-300x169.jpg 300w, https:\/\/knappteich.de\/wp-content\/uploads\/2025\/05\/250510_Fruehjahrsputz-Vogelweid_01-768x432.jpg 768w, https:\/\/knappteich.de\/wp-content\/uploads\/2025\/05\/250510_Fruehjahrsputz-Vogelweid_01-500x281.jpg 500w, https:\/\/knappteich.de\/wp-content\/uploads\/2025\/05\/250510_Fruehjahrsputz-Vogelweid_01.jpg 1280w\" sizes=\"auto, (max-width: 1024px) 100vw, 1024px\" \/><\/a><\/figure>\n\n\n\n<figure class=\"wp-block-image size-large\"><a href=\"https:\/\/knappteich.de\/wp-content\/uploads\/2025\/05\/250510_Fruehjahrsputz-Vogelweid_02.jpg\"><img loading=\"lazy\" decoding=\"async\" width=\"1024\" height=\"536\" data-id=\"5430\" src=\"https:\/\/knappteich.de\/wp-content\/uploads\/2025\/05\/250510_Fruehjahrsputz-Vogelweid_02-1024x536.jpg\" alt=\"\" class=\"wp-image-5430\" srcset=\"https:\/\/knappteich.de\/wp-content\/uploads\/2025\/05\/250510_Fruehjahrsputz-Vogelweid_02-1024x536.jpg 1024w, https:\/\/knappteich.de\/wp-content\/uploads\/2025\/05\/250510_Fruehjahrsputz-Vogelweid_02-300x157.jpg 300w, https:\/\/knappteich.de\/wp-content\/uploads\/2025\/05\/250510_Fruehjahrsputz-Vogelweid_02-768x402.jpg 768w, https:\/\/knappteich.de\/wp-content\/uploads\/2025\/05\/250510_Fruehjahrsputz-Vogelweid_02-500x262.jpg 500w, https:\/\/knappteich.de\/wp-content\/uploads\/2025\/05\/250510_Fruehjahrsputz-Vogelweid_02.jpg 1048w\" sizes=\"auto, (max-width: 1024px) 100vw, 1024px\" \/><\/a><\/figure>\n<\/figure>\n\n\n\n<p>Danke an Oliver, Ralf und Thomas f\u00fcrs Umsetzen.<\/p>\n","protected":false},"excerpt":{"rendered":"<p>Die Kleing\u00e4rtner der Gartensparte \u201eZur Vogelweid\u201c fanden sich auch 2025 wieder zum Ausklang ihres Fr\u00fchjahrsputzes im B\u00fcrgergarten am Knappteich ein. Bei Grill, Salat und Getr\u00e4nken konnten wir mit den ca. 30 Teilnehmenden \u00fcber &#8222;G\u00e4rtnerbelange&#8220; und weitere Pl\u00e4ne f\u00fcr den Knappteich &hellip; <a href=\"https:\/\/knappteich.de\/index.php\/2025\/05\/11\/fruehjahrsputz-kgv-zur-vogelweid-auch-2025-mit-ausklang-im-buergergarten\/\">Weiterlesen <span class=\"meta-nav\">&rarr;<\/span><\/a><\/p>\n","protected":false},"author":3,"featured_media":0,"comment_status":"closed","ping_status":"closed","sticky":false,"template":"","format":"standard","meta":{"footnotes":""},"categories":[3],"tags":[],"class_list":["post-5433","post","type-post","status-publish","format-standard","hentry","category-archiv"],"_links":{"self":[{"href":"https:\/\/knappteich.de\/index.php\/wp-json\/wp\/v2\/posts\/5433","targetHints":{"allow":["GET"]}}],"collection":[{"href":"https:\/\/knappteich.de\/index.php\/wp-json\/wp\/v2\/posts"}],"about":[{"href":"https:\/\/knappteich.de\/index.php\/wp-json\/wp\/v2\/types\/post"}],"author":[{"embeddable":true,"href":"https:\/\/knappteich.de\/index.php\/wp-json\/wp\/v2\/users\/3"}],"replies":[{"embeddable":true,"href":"https:\/\/knappteich.de\/index.php\/wp-json\/wp\/v2\/comments?post=5433"}],"version-history":[{"count":1,"href":"https:\/\/knappteich.de\/index.php\/wp-json\/wp\/v2\/posts\/5433\/revisions"}],"predecessor-version":[{"id":5434,"href":"https:\/\/knappteich.de\/index.php\/wp-json\/wp\/v2\/posts\/5433\/revisions\/5434"}],"wp:attachment":[{"href":"https:\/\/knappteich.de\/index.php\/wp-json\/wp\/v2\/media?parent=5433"}],"wp:term":[{"taxonomy":"category","embeddable":true,"href":"https:\/\/knappteich.de\/index.php\/wp-json\/wp\/v2\/categories?post=5433"},{"taxonomy":"post_tag","embeddable":true,"href":"https:\/\/knappteich.de\/index.php\/wp-json\/wp\/v2\/tags?post=5433"}],"curies":[{"name":"wp","href":"https:\/\/api.w.org\/{rel}","templated":true}]}}