{"id":5424,"date":"2025-05-09T10:51:17","date_gmt":"2025-05-09T08:51:17","guid":{"rendered":"https:\/\/knappteich.de\/?p=5424"},"modified":"2025-12-04T08:35:29","modified_gmt":"2025-12-04T07:35:29","slug":"schule-am-knappteich","status":"publish","type":"post","link":"https:\/\/knappteich.de\/index.php\/2025\/05\/09\/schule-am-knappteich\/","title":{"rendered":"Schule am Knappteich"},"content":{"rendered":"\n<p>Dieses mal war eine erste Klasse der Makarenko-Grundschule am Knappteich und konnte die nat\u00fcrliche Umgebung zum &#8222;Leben am und im Teich&#8220; erkunden. Nach einem Rundgang um den Teich und Erkl\u00e4rungen zur Historie und den Besonderheiten eines Stadtteiches (Eisteich war es urspr\u00fcnglich) ging es zum Fr\u00fchst\u00fcck in den B\u00fcrgergarten.<\/p>\n\n\n\n<figure class=\"wp-block-gallery has-nested-images columns-default is-cropped wp-block-gallery-1 is-layout-flex wp-block-gallery-is-layout-flex\">\n<figure class=\"wp-block-image size-large\"><a href=\"https:\/\/knappteich.de\/wp-content\/uploads\/2025\/05\/20250508_Makarenko-am-Teich_02.jpg\"><img loading=\"lazy\" decoding=\"async\" width=\"1024\" height=\"576\" data-id=\"5426\" src=\"https:\/\/knappteich.de\/wp-content\/uploads\/2025\/05\/20250508_Makarenko-am-Teich_02-1024x576.jpg\" alt=\"\" class=\"wp-image-5426\" srcset=\"https:\/\/knappteich.de\/wp-content\/uploads\/2025\/05\/20250508_Makarenko-am-Teich_02-1024x576.jpg 1024w, https:\/\/knappteich.de\/wp-content\/uploads\/2025\/05\/20250508_Makarenko-am-Teich_02-300x169.jpg 300w, https:\/\/knappteich.de\/wp-content\/uploads\/2025\/05\/20250508_Makarenko-am-Teich_02-768x432.jpg 768w, https:\/\/knappteich.de\/wp-content\/uploads\/2025\/05\/20250508_Makarenko-am-Teich_02-500x281.jpg 500w, https:\/\/knappteich.de\/wp-content\/uploads\/2025\/05\/20250508_Makarenko-am-Teich_02.jpg 1280w\" sizes=\"auto, (max-width: 1024px) 100vw, 1024px\" \/><\/a><figcaption class=\"wp-element-caption\">Ankunft am Knappteich<\/figcaption><\/figure>\n\n\n\n<figure class=\"wp-block-image size-large\"><a href=\"https:\/\/knappteich.de\/wp-content\/uploads\/2025\/05\/20250508_Makarenko-am-Teich_01.jpg\"><img loading=\"lazy\" decoding=\"async\" width=\"1024\" height=\"576\" data-id=\"5428\" src=\"https:\/\/knappteich.de\/wp-content\/uploads\/2025\/05\/20250508_Makarenko-am-Teich_01-1024x576.jpg\" alt=\"\" class=\"wp-image-5428\" srcset=\"https:\/\/knappteich.de\/wp-content\/uploads\/2025\/05\/20250508_Makarenko-am-Teich_01-1024x576.jpg 1024w, https:\/\/knappteich.de\/wp-content\/uploads\/2025\/05\/20250508_Makarenko-am-Teich_01-300x169.jpg 300w, https:\/\/knappteich.de\/wp-content\/uploads\/2025\/05\/20250508_Makarenko-am-Teich_01-768x432.jpg 768w, https:\/\/knappteich.de\/wp-content\/uploads\/2025\/05\/20250508_Makarenko-am-Teich_01-500x281.jpg 500w, https:\/\/knappteich.de\/wp-content\/uploads\/2025\/05\/20250508_Makarenko-am-Teich_01.jpg 1280w\" sizes=\"auto, (max-width: 1024px) 100vw, 1024px\" \/><\/a><figcaption class=\"wp-element-caption\">Beim Fr\u00fchst\u00fcck im B\u00fcrgergarten<\/figcaption><\/figure>\n<\/figure>\n\n\n\n<p>Anschlie\u00dfend konnten die 5 Gruppen Boot fahren, ein Arbeitsblatt abarbeiten, mit Lupengl\u00e4sern auf Insektenjagd gehen, mit dem Mikroskop Wassertierchen beobachten und in unserem Kr\u00e4utergarten Essbares kennen lernen und ausprobieren.<\/p>\n\n\n\n<p>Danke an Kerstin, Conny, Oliver und Thomas f\u00fcrs Umsetzen. <\/p>\n","protected":false},"excerpt":{"rendered":"<p>Dieses mal war eine erste Klasse der Makarenko-Grundschule am Knappteich und konnte die nat\u00fcrliche Umgebung zum &#8222;Leben am und im Teich&#8220; erkunden. Nach einem Rundgang um den Teich und Erkl\u00e4rungen zur Historie und den Besonderheiten eines Stadtteiches (Eisteich war es &hellip; <a href=\"https:\/\/knappteich.de\/index.php\/2025\/05\/09\/schule-am-knappteich\/\">Weiterlesen <span class=\"meta-nav\">&rarr;<\/span><\/a><\/p>\n","protected":false},"author":3,"featured_media":0,"comment_status":"closed","ping_status":"closed","sticky":false,"template":"","format":"standard","meta":{"footnotes":""},"categories":[3],"tags":[],"class_list":["post-5424","post","type-post","status-publish","format-standard","hentry","category-archiv"],"_links":{"self":[{"href":"https:\/\/knappteich.de\/index.php\/wp-json\/wp\/v2\/posts\/5424","targetHints":{"allow":["GET"]}}],"collection":[{"href":"https:\/\/knappteich.de\/index.php\/wp-json\/wp\/v2\/posts"}],"about":[{"href":"https:\/\/knappteich.de\/index.php\/wp-json\/wp\/v2\/types\/post"}],"author":[{"embeddable":true,"href":"https:\/\/knappteich.de\/index.php\/wp-json\/wp\/v2\/users\/3"}],"replies":[{"embeddable":true,"href":"https:\/\/knappteich.de\/index.php\/wp-json\/wp\/v2\/comments?post=5424"}],"version-history":[{"count":2,"href":"https:\/\/knappteich.de\/index.php\/wp-json\/wp\/v2\/posts\/5424\/revisions"}],"predecessor-version":[{"id":5431,"href":"https:\/\/knappteich.de\/index.php\/wp-json\/wp\/v2\/posts\/5424\/revisions\/5431"}],"wp:attachment":[{"href":"https:\/\/knappteich.de\/index.php\/wp-json\/wp\/v2\/media?parent=5424"}],"wp:term":[{"taxonomy":"category","embeddable":true,"href":"https:\/\/knappteich.de\/index.php\/wp-json\/wp\/v2\/categories?post=5424"},{"taxonomy":"post_tag","embeddable":true,"href":"https:\/\/knappteich.de\/index.php\/wp-json\/wp\/v2\/tags?post=5424"}],"curies":[{"name":"wp","href":"https:\/\/api.w.org\/{rel}","templated":true}]}}