{"id":5249,"date":"2025-01-19T15:59:09","date_gmt":"2025-01-19T14:59:09","guid":{"rendered":"https:\/\/knappteich.de\/?p=5249"},"modified":"2025-07-14T10:14:12","modified_gmt":"2025-07-14T08:14:12","slug":"die-wilde-ecke-oder-was-ist-eigentlich-die-zone-5","status":"publish","type":"post","link":"https:\/\/knappteich.de\/index.php\/2025\/01\/19\/die-wilde-ecke-oder-was-ist-eigentlich-die-zone-5\/","title":{"rendered":"Die \u201eWilde Ecke\u201c oder \u201eWas ist eigentlich die Zone 5?\u201c"},"content":{"rendered":"\n<p>Die \u201eWilde Ecke\u201c im B\u00fcrgergarten am Knappteich ist ein Bereich, den wir seit der \u00dcbernahme des Gartens 2014 \u00fcberhaupt noch nicht \u201eangefasst\u201c hatten. Mehr als 10 Jahre lang wuchs dort also das, was \u201ewollte\u201c &#8211; inzwischen war eine <a href=\"https:\/\/knappteich.de\/index.php\/2024\/11\/10\/salweide-macht-platz-fuer-feuchtbiotop\/\" data-type=\"post\" data-id=\"5215\">Salweide<\/a> aufgegangen und zum B\u00e4umchen geworden, eine Heckenrose behauptete sich und das violett bl\u00fchende Immergr\u00fcn hatte die Krautschicht erobert. Alles, was anfangs dort noch zu finden war, von verschiedenen Fr\u00fchjahrsbl\u00fchern bis hin zu Erdbeeren, ist mittlerweile \u00fcberwuchert worden bzw. wurde von den w\u00fcchsigeren Pflanzen verdr\u00e4ngt.<\/p>\n\n\n\n<figure class=\"wp-block-gallery has-nested-images columns-default is-cropped wp-block-gallery-1 is-layout-flex wp-block-gallery-is-layout-flex\">\n<figure class=\"wp-block-image size-large\"><a href=\"https:\/\/knappteich.de\/wp-content\/uploads\/2025\/01\/Wilde-Ecke-Fruehling.jpg\"><img loading=\"lazy\" decoding=\"async\" width=\"1024\" height=\"763\" data-id=\"5251\" src=\"https:\/\/knappteich.de\/wp-content\/uploads\/2025\/01\/Wilde-Ecke-Fruehling-1024x763.jpg\" alt=\"\" class=\"wp-image-5251\" srcset=\"https:\/\/knappteich.de\/wp-content\/uploads\/2025\/01\/Wilde-Ecke-Fruehling-1024x763.jpg 1024w, https:\/\/knappteich.de\/wp-content\/uploads\/2025\/01\/Wilde-Ecke-Fruehling-300x223.jpg 300w, https:\/\/knappteich.de\/wp-content\/uploads\/2025\/01\/Wilde-Ecke-Fruehling-768x572.jpg 768w, https:\/\/knappteich.de\/wp-content\/uploads\/2025\/01\/Wilde-Ecke-Fruehling-403x300.jpg 403w, https:\/\/knappteich.de\/wp-content\/uploads\/2025\/01\/Wilde-Ecke-Fruehling.jpg 1132w\" sizes=\"auto, (max-width: 1024px) 100vw, 1024px\" \/><\/a><figcaption class=\"wp-element-caption\">Fr\u00fchjahr 2023<\/figcaption><\/figure>\n\n\n\n<figure class=\"wp-block-image size-large\"><a href=\"https:\/\/knappteich.de\/wp-content\/uploads\/2025\/01\/Wilde-Ecke-Herbst.jpg\"><img loading=\"lazy\" decoding=\"async\" width=\"1024\" height=\"770\" data-id=\"5252\" src=\"https:\/\/knappteich.de\/wp-content\/uploads\/2025\/01\/Wilde-Ecke-Herbst-1024x770.jpg\" alt=\"\" class=\"wp-image-5252\" srcset=\"https:\/\/knappteich.de\/wp-content\/uploads\/2025\/01\/Wilde-Ecke-Herbst-1024x770.jpg 1024w, https:\/\/knappteich.de\/wp-content\/uploads\/2025\/01\/Wilde-Ecke-Herbst-300x226.jpg 300w, https:\/\/knappteich.de\/wp-content\/uploads\/2025\/01\/Wilde-Ecke-Herbst-768x578.jpg 768w, https:\/\/knappteich.de\/wp-content\/uploads\/2025\/01\/Wilde-Ecke-Herbst-399x300.jpg 399w, https:\/\/knappteich.de\/wp-content\/uploads\/2025\/01\/Wilde-Ecke-Herbst.jpg 1122w\" sizes=\"auto, (max-width: 1024px) 100vw, 1024px\" \/><\/a><figcaption class=\"wp-element-caption\">Herbst 2023<\/figcaption><\/figure>\n<\/figure>\n\n\n\n<p>In der <a href=\"https:\/\/knappteich.de\/index.php\/2024\/09\/29\/w-a-n-d-e-l-z-e-i-t-permakultur-kurs-am-19-10-2024\/\" data-type=\"post\" data-id=\"5163\">Permakultur<\/a> (dem Konzept zur Gestaltung lebendiger Systeme, nach dem wir arbeiten) wird ein solch \u201ewilder\u201c Bereich im Garten als sogenannte Zone 5 absichtlich eingeplant. Hier soll die Natur N a t u r sein und sich selbst regulieren d\u00fcrfen &#8211; weitestgehend ohne Eingriff des Menschen. So bietet die Zone 5 Raum und R\u00fcckzugsort f\u00fcr (ansonsten im Garten eher nicht tolerierte) Wildpflanzen und die Tierwelt.<\/p>\n\n\n\n<p>Die \u201eWilde Ecke\u201c ist unsere Zone 5 im Knappteichgarten. Schon lange nehmen wir uns vor, diesen Bereich sinnwahrend (um)zu gestalten. Im Vergleich zum bisherigen eher artenarmen \u201eWildwuchs\u201c sollen neue, verschiedenartige Lebensr\u00e4ume geschaffen werden, die einen gr\u00f6\u00dferen Artenreichtum in den Garten einladen. Neben einem Lichtteich bzw. einer Sickermulde und einer Trockensteinmauer m\u00f6chten wir eine Eidechsen-\/Bienenburg mit K\u00e4ferkeller anlegen. In diesem vielf\u00e4ltigeren Biotop entstehen so hoffentlich Nischen f\u00fcr weitere Arten von Lurchen und Insekten \u2013 wir sind schon gespannt!<\/p>\n\n\n\n<div class=\"wp-block-media-text has-media-on-the-right is-stacked-on-mobile\" style=\"grid-template-columns:auto 52%\"><div class=\"wp-block-media-text__content\">\n<p>Auch, wenn die \u201eWilde Ecke\u201c zuk\u00fcnftig wieder \u201ewild\u201c und naturnah aussehen soll &#8211; am Anfang steht eine genaue Planung. Diese Entwurfszeichnung bildet die Grundlage f\u00fcr unsere Umgestaltung.<\/p>\n\n\n\n<p>Nun geht es an die Umsetzung und wir werden euch demn\u00e4chst wieder berichten&#8230;<\/p>\n<\/div><figure class=\"wp-block-media-text__media\"><img loading=\"lazy\" decoding=\"async\" width=\"1024\" height=\"762\" src=\"https:\/\/knappteich.de\/wp-content\/uploads\/2025\/01\/Entwurf-1024x762.jpg\" alt=\"\" class=\"wp-image-5253 size-full\" srcset=\"https:\/\/knappteich.de\/wp-content\/uploads\/2025\/01\/Entwurf-1024x762.jpg 1024w, https:\/\/knappteich.de\/wp-content\/uploads\/2025\/01\/Entwurf-300x223.jpg 300w, https:\/\/knappteich.de\/wp-content\/uploads\/2025\/01\/Entwurf-768x572.jpg 768w, https:\/\/knappteich.de\/wp-content\/uploads\/2025\/01\/Entwurf-403x300.jpg 403w, https:\/\/knappteich.de\/wp-content\/uploads\/2025\/01\/Entwurf.jpg 1118w\" sizes=\"auto, (max-width: 1024px) 100vw, 1024px\" \/><\/figure><\/div>\n","protected":false},"excerpt":{"rendered":"<p>Die \u201eWilde Ecke\u201c im B\u00fcrgergarten am Knappteich ist ein Bereich, den wir seit der \u00dcbernahme des Gartens 2014 \u00fcberhaupt noch nicht \u201eangefasst\u201c hatten. Mehr als 10 Jahre lang wuchs dort also das, was \u201ewollte\u201c &#8211; inzwischen war eine Salweide aufgegangen &hellip; <a href=\"https:\/\/knappteich.de\/index.php\/2025\/01\/19\/die-wilde-ecke-oder-was-ist-eigentlich-die-zone-5\/\">Weiterlesen <span class=\"meta-nav\">&rarr;<\/span><\/a><\/p>\n","protected":false},"author":3,"featured_media":0,"comment_status":"closed","ping_status":"closed","sticky":false,"template":"","format":"standard","meta":{"footnotes":""},"categories":[3],"tags":[],"class_list":["post-5249","post","type-post","status-publish","format-standard","hentry","category-archiv"],"_links":{"self":[{"href":"https:\/\/knappteich.de\/index.php\/wp-json\/wp\/v2\/posts\/5249","targetHints":{"allow":["GET"]}}],"collection":[{"href":"https:\/\/knappteich.de\/index.php\/wp-json\/wp\/v2\/posts"}],"about":[{"href":"https:\/\/knappteich.de\/index.php\/wp-json\/wp\/v2\/types\/post"}],"author":[{"embeddable":true,"href":"https:\/\/knappteich.de\/index.php\/wp-json\/wp\/v2\/users\/3"}],"replies":[{"embeddable":true,"href":"https:\/\/knappteich.de\/index.php\/wp-json\/wp\/v2\/comments?post=5249"}],"version-history":[{"count":4,"href":"https:\/\/knappteich.de\/index.php\/wp-json\/wp\/v2\/posts\/5249\/revisions"}],"predecessor-version":[{"id":5256,"href":"https:\/\/knappteich.de\/index.php\/wp-json\/wp\/v2\/posts\/5249\/revisions\/5256"}],"wp:attachment":[{"href":"https:\/\/knappteich.de\/index.php\/wp-json\/wp\/v2\/media?parent=5249"}],"wp:term":[{"taxonomy":"category","embeddable":true,"href":"https:\/\/knappteich.de\/index.php\/wp-json\/wp\/v2\/categories?post=5249"},{"taxonomy":"post_tag","embeddable":true,"href":"https:\/\/knappteich.de\/index.php\/wp-json\/wp\/v2\/tags?post=5249"}],"curies":[{"name":"wp","href":"https:\/\/api.w.org\/{rel}","templated":true}]}}