{"id":5215,"date":"2024-11-10T16:52:22","date_gmt":"2024-11-10T15:52:22","guid":{"rendered":"https:\/\/knappteich.de\/?p=5215"},"modified":"2025-04-27T19:56:11","modified_gmt":"2025-04-27T17:56:11","slug":"salweide-macht-platz-fuer-feuchtbiotop","status":"publish","type":"post","link":"https:\/\/knappteich.de\/index.php\/2024\/11\/10\/salweide-macht-platz-fuer-feuchtbiotop\/","title":{"rendered":"Salweide macht Platz f\u00fcr Feuchtbiotop"},"content":{"rendered":"\n<p>Die Planungen f\u00fcr unsere &#8222;Wilde Ecke&#8220; &#8211; ein Gartenbereich, in dem wir bis dato nicht wirklich t\u00e4tig waren und sich die Spitzm\u00e4use wohlgef\u00fchlt haben &#8211; sind weiter vorangeschritten. Dank neuer Mitmacher konnten wir diese urbar machen und f\u00fcr die Umsetzung weiterer Permakulturideen vorbereiten. Danke an Anett, Kerstin und Elisabeth.<\/p>\n\n\n\n<p>Leider musste daf\u00fcr eine kleine <a href=\"https:\/\/de.wikipedia.org\/wiki\/Sal-Weide\" data-type=\"link\" data-id=\"https:\/\/de.wikipedia.org\/wiki\/Sal-Weide\" target=\"_blank\" rel=\"noreferrer noopener\">Salweide<\/a> das Feld r\u00e4umen. Der Arbeitseinsatz dazu ist hier kurz festgehalten:<\/p>\n\n\n\n<figure class=\"wp-block-gallery has-nested-images columns-default is-cropped wp-block-gallery-1 is-layout-flex wp-block-gallery-is-layout-flex\">\n<figure class=\"wp-block-image size-large\"><a href=\"https:\/\/knappteich.de\/wp-content\/uploads\/2024\/11\/20241109_Baumfaelle-Saalweide-01.jpg\"><img loading=\"lazy\" decoding=\"async\" width=\"576\" height=\"1024\" data-id=\"5212\" src=\"https:\/\/knappteich.de\/wp-content\/uploads\/2024\/11\/20241109_Baumfaelle-Saalweide-01-576x1024.jpg\" alt=\"\" class=\"wp-image-5212\" srcset=\"https:\/\/knappteich.de\/wp-content\/uploads\/2024\/11\/20241109_Baumfaelle-Saalweide-01-576x1024.jpg 576w, https:\/\/knappteich.de\/wp-content\/uploads\/2024\/11\/20241109_Baumfaelle-Saalweide-01-169x300.jpg 169w, https:\/\/knappteich.de\/wp-content\/uploads\/2024\/11\/20241109_Baumfaelle-Saalweide-01.jpg 640w\" sizes=\"auto, (max-width: 576px) 100vw, 576px\" \/><\/a><\/figure>\n\n\n\n<figure class=\"wp-block-image size-large\"><a href=\"https:\/\/knappteich.de\/wp-content\/uploads\/2024\/11\/20241109_Baumfaelle-Saalweide-02.jpg\"><img loading=\"lazy\" decoding=\"async\" width=\"576\" height=\"1024\" data-id=\"5213\" src=\"https:\/\/knappteich.de\/wp-content\/uploads\/2024\/11\/20241109_Baumfaelle-Saalweide-02-576x1024.jpg\" alt=\"\" class=\"wp-image-5213\" srcset=\"https:\/\/knappteich.de\/wp-content\/uploads\/2024\/11\/20241109_Baumfaelle-Saalweide-02-576x1024.jpg 576w, https:\/\/knappteich.de\/wp-content\/uploads\/2024\/11\/20241109_Baumfaelle-Saalweide-02-169x300.jpg 169w, https:\/\/knappteich.de\/wp-content\/uploads\/2024\/11\/20241109_Baumfaelle-Saalweide-02.jpg 640w\" sizes=\"auto, (max-width: 576px) 100vw, 576px\" \/><\/a><\/figure>\n\n\n\n<figure class=\"wp-block-image size-large\"><a href=\"https:\/\/knappteich.de\/wp-content\/uploads\/2024\/11\/20241109_Baumfaelle-Saalweide-03.jpg\"><img loading=\"lazy\" decoding=\"async\" width=\"576\" height=\"1024\" data-id=\"5214\" src=\"https:\/\/knappteich.de\/wp-content\/uploads\/2024\/11\/20241109_Baumfaelle-Saalweide-03-576x1024.jpg\" alt=\"\" class=\"wp-image-5214\" srcset=\"https:\/\/knappteich.de\/wp-content\/uploads\/2024\/11\/20241109_Baumfaelle-Saalweide-03-576x1024.jpg 576w, https:\/\/knappteich.de\/wp-content\/uploads\/2024\/11\/20241109_Baumfaelle-Saalweide-03-169x300.jpg 169w, https:\/\/knappteich.de\/wp-content\/uploads\/2024\/11\/20241109_Baumfaelle-Saalweide-03.jpg 640w\" sizes=\"auto, (max-width: 576px) 100vw, 576px\" \/><\/a><\/figure>\n\n\n\n<figure class=\"wp-block-image size-large\"><a href=\"https:\/\/knappteich.de\/wp-content\/uploads\/2024\/11\/20241109_Baumfaelle-Saalweide-04.jpg\"><img loading=\"lazy\" decoding=\"async\" width=\"576\" height=\"1024\" data-id=\"5208\" src=\"https:\/\/knappteich.de\/wp-content\/uploads\/2024\/11\/20241109_Baumfaelle-Saalweide-04-576x1024.jpg\" alt=\"\" class=\"wp-image-5208\" srcset=\"https:\/\/knappteich.de\/wp-content\/uploads\/2024\/11\/20241109_Baumfaelle-Saalweide-04-576x1024.jpg 576w, https:\/\/knappteich.de\/wp-content\/uploads\/2024\/11\/20241109_Baumfaelle-Saalweide-04-169x300.jpg 169w, https:\/\/knappteich.de\/wp-content\/uploads\/2024\/11\/20241109_Baumfaelle-Saalweide-04.jpg 640w\" sizes=\"auto, (max-width: 576px) 100vw, 576px\" \/><\/a><\/figure>\n\n\n\n<figure class=\"wp-block-image size-large\"><a href=\"https:\/\/knappteich.de\/wp-content\/uploads\/2024\/11\/20241109_Baumfaelle-Saalweide-05.jpg\"><img loading=\"lazy\" decoding=\"async\" width=\"576\" height=\"1024\" data-id=\"5209\" src=\"https:\/\/knappteich.de\/wp-content\/uploads\/2024\/11\/20241109_Baumfaelle-Saalweide-05-576x1024.jpg\" alt=\"\" class=\"wp-image-5209\" srcset=\"https:\/\/knappteich.de\/wp-content\/uploads\/2024\/11\/20241109_Baumfaelle-Saalweide-05-576x1024.jpg 576w, https:\/\/knappteich.de\/wp-content\/uploads\/2024\/11\/20241109_Baumfaelle-Saalweide-05-169x300.jpg 169w, https:\/\/knappteich.de\/wp-content\/uploads\/2024\/11\/20241109_Baumfaelle-Saalweide-05.jpg 640w\" sizes=\"auto, (max-width: 576px) 100vw, 576px\" \/><\/a><\/figure>\n<\/figure>\n\n\n\n<p>Jetzt kann das Areal f\u00fcr die Feuchtstelle und angrenzende Trockenmauer modelliert werden.<\/p>\n\n\n\n<figure class=\"wp-block-image size-full\"><a href=\"https:\/\/knappteich.de\/wp-content\/uploads\/2024\/11\/20241109_Baumfaelle-Saalweide-07.jpg\"><img loading=\"lazy\" decoding=\"async\" width=\"1024\" height=\"576\" src=\"https:\/\/knappteich.de\/wp-content\/uploads\/2024\/11\/20241109_Baumfaelle-Saalweide-07.jpg\" alt=\"\" class=\"wp-image-5211\" srcset=\"https:\/\/knappteich.de\/wp-content\/uploads\/2024\/11\/20241109_Baumfaelle-Saalweide-07.jpg 1024w, https:\/\/knappteich.de\/wp-content\/uploads\/2024\/11\/20241109_Baumfaelle-Saalweide-07-300x169.jpg 300w, https:\/\/knappteich.de\/wp-content\/uploads\/2024\/11\/20241109_Baumfaelle-Saalweide-07-768x432.jpg 768w, https:\/\/knappteich.de\/wp-content\/uploads\/2024\/11\/20241109_Baumfaelle-Saalweide-07-500x281.jpg 500w\" sizes=\"auto, (max-width: 1024px) 100vw, 1024px\" \/><\/a><\/figure>\n","protected":false},"excerpt":{"rendered":"<p>Die Planungen f\u00fcr unsere &#8222;Wilde Ecke&#8220; &#8211; ein Gartenbereich, in dem wir bis dato nicht wirklich t\u00e4tig waren und sich die Spitzm\u00e4use wohlgef\u00fchlt haben &#8211; sind weiter vorangeschritten. Dank neuer Mitmacher konnten wir diese urbar machen und f\u00fcr die Umsetzung &hellip; <a href=\"https:\/\/knappteich.de\/index.php\/2024\/11\/10\/salweide-macht-platz-fuer-feuchtbiotop\/\">Weiterlesen <span class=\"meta-nav\">&rarr;<\/span><\/a><\/p>\n","protected":false},"author":3,"featured_media":0,"comment_status":"closed","ping_status":"closed","sticky":false,"template":"","format":"standard","meta":{"footnotes":""},"categories":[3],"tags":[],"class_list":["post-5215","post","type-post","status-publish","format-standard","hentry","category-archiv"],"_links":{"self":[{"href":"https:\/\/knappteich.de\/index.php\/wp-json\/wp\/v2\/posts\/5215","targetHints":{"allow":["GET"]}}],"collection":[{"href":"https:\/\/knappteich.de\/index.php\/wp-json\/wp\/v2\/posts"}],"about":[{"href":"https:\/\/knappteich.de\/index.php\/wp-json\/wp\/v2\/types\/post"}],"author":[{"embeddable":true,"href":"https:\/\/knappteich.de\/index.php\/wp-json\/wp\/v2\/users\/3"}],"replies":[{"embeddable":true,"href":"https:\/\/knappteich.de\/index.php\/wp-json\/wp\/v2\/comments?post=5215"}],"version-history":[{"count":1,"href":"https:\/\/knappteich.de\/index.php\/wp-json\/wp\/v2\/posts\/5215\/revisions"}],"predecessor-version":[{"id":5216,"href":"https:\/\/knappteich.de\/index.php\/wp-json\/wp\/v2\/posts\/5215\/revisions\/5216"}],"wp:attachment":[{"href":"https:\/\/knappteich.de\/index.php\/wp-json\/wp\/v2\/media?parent=5215"}],"wp:term":[{"taxonomy":"category","embeddable":true,"href":"https:\/\/knappteich.de\/index.php\/wp-json\/wp\/v2\/categories?post=5215"},{"taxonomy":"post_tag","embeddable":true,"href":"https:\/\/knappteich.de\/index.php\/wp-json\/wp\/v2\/tags?post=5215"}],"curies":[{"name":"wp","href":"https:\/\/api.w.org\/{rel}","templated":true}]}}