{"id":5126,"date":"2024-09-21T18:24:08","date_gmt":"2024-09-21T16:24:08","guid":{"rendered":"https:\/\/knappteich.de\/?p=5126"},"modified":"2025-04-27T19:55:07","modified_gmt":"2025-04-27T17:55:07","slug":"radbuegel-am-knappteich-aufgestellt","status":"publish","type":"post","link":"https:\/\/knappteich.de\/index.php\/2024\/09\/21\/radbuegel-am-knappteich-aufgestellt\/","title":{"rendered":"Radb\u00fcgel am Knappteich aufgestellt"},"content":{"rendered":"\n<p>Im Rahmen des <a href=\"https:\/\/knappteich.de\/index.php\/2020\/07\/06\/numic-mobilitaet-in-chemnitz\/\" data-type=\"post\" data-id=\"3313\">NUMIC-Projektes<\/a>, das im <a href=\"https:\/\/www.chemnitz.de\/chemnitz\/de\/unsere-stadt\/verkehr\/numic\/ergebnisse\/index.html\" target=\"_blank\" rel=\"noreferrer noopener\">Jahr 2022 abgeschlossen<\/a> wurde, erhielt die <a href=\"https:\/\/knappteich.de\/index.php\/2021\/06\/16\/numic-potentialflaeche-am-knappteich\/\" data-type=\"post\" data-id=\"3685\">Potentialfl\u00e4che Knappteich<\/a> von den B\u00fcrgern ausgew\u00e4hlte Aufwertungen. Neben neuen <a href=\"https:\/\/knappteich.de\/index.php\/2022\/11\/27\/neue-baenke-fuer-den-knappteich\/\" data-type=\"post\" data-id=\"4225\">B\u00e4nken<\/a>, <a href=\"https:\/\/knappteich.de\/index.php\/2023\/02\/20\/winterarbeit-am-knappteich\/\" data-type=\"post\" data-id=\"4300\">Schauk\u00e4sten<\/a> und <a href=\"https:\/\/knappteich.de\/index.php\/2021\/06\/16\/numic-potentialflaeche-am-knappteich\/\" data-type=\"post\" data-id=\"3685\">Strassenmarkierungen<\/a> waren auch Radb\u00fcgel f\u00fcr das Abstellen der Fahrr\u00e4der beim Aufenthalt am Teich vorgesehen. <br>Jetzt ist es endlich soweit. Nach kurzer Abstimmung konnten wir der Variante 2 am meisten abgewinnen und freuen uns \u00fcber die Radb\u00fcgelinstallation, die im Auftrag der Stadt Ende September 2024 umgesetzt wurde. Vielen Dank ans Tiefbauamt.<\/p>\n\n\n\n<figure class=\"wp-block-gallery has-nested-images columns-default is-cropped wp-block-gallery-1 is-layout-flex wp-block-gallery-is-layout-flex\">\n<figure class=\"wp-block-image size-large\"><a href=\"https:\/\/knappteich.de\/wp-content\/uploads\/2024\/09\/V2_Ausschnitt.jpg\"><img loading=\"lazy\" decoding=\"async\" width=\"1024\" height=\"653\" data-id=\"5128\" src=\"https:\/\/knappteich.de\/wp-content\/uploads\/2024\/09\/V2_Ausschnitt-1024x653.jpg\" alt=\"\" class=\"wp-image-5128\" srcset=\"https:\/\/knappteich.de\/wp-content\/uploads\/2024\/09\/V2_Ausschnitt-1024x653.jpg 1024w, https:\/\/knappteich.de\/wp-content\/uploads\/2024\/09\/V2_Ausschnitt-300x191.jpg 300w, https:\/\/knappteich.de\/wp-content\/uploads\/2024\/09\/V2_Ausschnitt-768x489.jpg 768w, https:\/\/knappteich.de\/wp-content\/uploads\/2024\/09\/V2_Ausschnitt-471x300.jpg 471w, https:\/\/knappteich.de\/wp-content\/uploads\/2024\/09\/V2_Ausschnitt.jpg 1315w\" sizes=\"auto, (max-width: 1024px) 100vw, 1024px\" \/><\/a><\/figure>\n\n\n\n<figure class=\"wp-block-image size-large\"><a href=\"https:\/\/knappteich.de\/wp-content\/uploads\/2024\/09\/20240921_092535.jpg\"><img loading=\"lazy\" decoding=\"async\" width=\"1024\" height=\"576\" data-id=\"5129\" src=\"https:\/\/knappteich.de\/wp-content\/uploads\/2024\/09\/20240921_092535-1024x576.jpg\" alt=\"\" class=\"wp-image-5129\" srcset=\"https:\/\/knappteich.de\/wp-content\/uploads\/2024\/09\/20240921_092535-1024x576.jpg 1024w, https:\/\/knappteich.de\/wp-content\/uploads\/2024\/09\/20240921_092535-300x169.jpg 300w, https:\/\/knappteich.de\/wp-content\/uploads\/2024\/09\/20240921_092535-768x432.jpg 768w, https:\/\/knappteich.de\/wp-content\/uploads\/2024\/09\/20240921_092535-500x281.jpg 500w, https:\/\/knappteich.de\/wp-content\/uploads\/2024\/09\/20240921_092535.jpg 1280w\" sizes=\"auto, (max-width: 1024px) 100vw, 1024px\" \/><\/a><\/figure>\n<\/figure>\n\n\n\n<p>Bei der Aufstellfl\u00e4che werden wir noch etwas optimieren.<\/p>\n","protected":false},"excerpt":{"rendered":"<p>Im Rahmen des NUMIC-Projektes, das im Jahr 2022 abgeschlossen wurde, erhielt die Potentialfl\u00e4che Knappteich von den B\u00fcrgern ausgew\u00e4hlte Aufwertungen. Neben neuen B\u00e4nken, Schauk\u00e4sten und Strassenmarkierungen waren auch Radb\u00fcgel f\u00fcr das Abstellen der Fahrr\u00e4der beim Aufenthalt am Teich vorgesehen. Jetzt ist &hellip; <a href=\"https:\/\/knappteich.de\/index.php\/2024\/09\/21\/radbuegel-am-knappteich-aufgestellt\/\">Weiterlesen <span class=\"meta-nav\">&rarr;<\/span><\/a><\/p>\n","protected":false},"author":3,"featured_media":0,"comment_status":"closed","ping_status":"closed","sticky":false,"template":"","format":"standard","meta":{"footnotes":""},"categories":[3],"tags":[],"class_list":["post-5126","post","type-post","status-publish","format-standard","hentry","category-archiv"],"_links":{"self":[{"href":"https:\/\/knappteich.de\/index.php\/wp-json\/wp\/v2\/posts\/5126","targetHints":{"allow":["GET"]}}],"collection":[{"href":"https:\/\/knappteich.de\/index.php\/wp-json\/wp\/v2\/posts"}],"about":[{"href":"https:\/\/knappteich.de\/index.php\/wp-json\/wp\/v2\/types\/post"}],"author":[{"embeddable":true,"href":"https:\/\/knappteich.de\/index.php\/wp-json\/wp\/v2\/users\/3"}],"replies":[{"embeddable":true,"href":"https:\/\/knappteich.de\/index.php\/wp-json\/wp\/v2\/comments?post=5126"}],"version-history":[{"count":2,"href":"https:\/\/knappteich.de\/index.php\/wp-json\/wp\/v2\/posts\/5126\/revisions"}],"predecessor-version":[{"id":5130,"href":"https:\/\/knappteich.de\/index.php\/wp-json\/wp\/v2\/posts\/5126\/revisions\/5130"}],"wp:attachment":[{"href":"https:\/\/knappteich.de\/index.php\/wp-json\/wp\/v2\/media?parent=5126"}],"wp:term":[{"taxonomy":"category","embeddable":true,"href":"https:\/\/knappteich.de\/index.php\/wp-json\/wp\/v2\/categories?post=5126"},{"taxonomy":"post_tag","embeddable":true,"href":"https:\/\/knappteich.de\/index.php\/wp-json\/wp\/v2\/tags?post=5126"}],"curies":[{"name":"wp","href":"https:\/\/api.w.org\/{rel}","templated":true}]}}