{"id":4982,"date":"2024-06-26T15:07:22","date_gmt":"2024-06-26T13:07:22","guid":{"rendered":"https:\/\/knappteich.de\/?p=4982"},"modified":"2025-01-09T22:02:36","modified_gmt":"2025-01-09T21:02:36","slug":"dachflaechenwasser-in-den-sommermonaten-was-bringt-das","status":"publish","type":"post","link":"https:\/\/knappteich.de\/index.php\/2024\/06\/26\/dachflaechenwasser-in-den-sommermonaten-was-bringt-das\/","title":{"rendered":"Dachfl\u00e4chenwasser in den Sommermonaten &#8211; Was bringt das ?"},"content":{"rendered":"\n<p><a href=\"https:\/\/knappteich.de\/index.php\/2024\/06\/24\/knappteich-im-stadtrat-ba-051-2024\/\" data-type=\"post\" data-id=\"4971\">Zum Stadtratsbeschluss<\/a> <strong>BA-051\/2024<\/strong> vom 19.06.2024. Dank an alle Stadtr\u00e4te f\u00fcr Ihre Unterst\u00fctzung und der Zustimmung zur weiterf\u00fchrenden Untersuchung und St\u00e4rkung der Idee <a href=\"https:\/\/knappteich.de\/index.php\/2019\/03\/16\/stadt-chemnitz-fluss\/\" data-type=\"post\" data-id=\"2467\" target=\"_blank\" rel=\"noreferrer noopener\">Schwammstadt<\/a>, die bereits 2019 aufgegriffen und von uns positiv bewertet wurde. <br>Freuen w\u00fcrden wir uns \u00fcber die Integration von b\u00fcrgerschaftlichem Engagement im Rahmen dieses Beschlusses und bieten unsere Unterst\u00fctzung bei der Umsetzung gern an.<\/p>\n\n\n\n<p>Daher haben wir uns mal an den Rechner gesetzt und \u00fcberschlagen, wieviel Wasser der Knappteich in den Sommermonaten \u00fcber diese Dachfl\u00e4chen erhalten k\u00f6nnte. Dabei sind wir davon ausgegangen, das der Wohnblock direkt am Teich und zwei Wohnbl\u00f6cke an der Bersarinstr. (Einleitung des Dachwassers in die Zuleitung aus dem Zeisigwald) als Dachfl\u00e4chen genutzt werden k\u00f6nnen.<\/p>\n\n\n\n<!--more-->\n\n\n\n<figure class=\"wp-block-image size-large\"><a href=\"https:\/\/knappteich.de\/wp-content\/uploads\/2024\/07\/Dachflaechenwasser_01.jpg\"><img loading=\"lazy\" decoding=\"async\" width=\"1024\" height=\"737\" src=\"https:\/\/knappteich.de\/wp-content\/uploads\/2024\/07\/Dachflaechenwasser_01-1024x737.jpg\" alt=\"\" class=\"wp-image-4987\" srcset=\"https:\/\/knappteich.de\/wp-content\/uploads\/2024\/07\/Dachflaechenwasser_01-1024x737.jpg 1024w, https:\/\/knappteich.de\/wp-content\/uploads\/2024\/07\/Dachflaechenwasser_01-300x216.jpg 300w, https:\/\/knappteich.de\/wp-content\/uploads\/2024\/07\/Dachflaechenwasser_01-768x553.jpg 768w, https:\/\/knappteich.de\/wp-content\/uploads\/2024\/07\/Dachflaechenwasser_01-417x300.jpg 417w, https:\/\/knappteich.de\/wp-content\/uploads\/2024\/07\/Dachflaechenwasser_01.jpg 1053w\" sizes=\"auto, (max-width: 1024px) 100vw, 1024px\" \/><\/a><\/figure>\n\n\n\n<p>Zur Ermittlung der durchschnittlichen Regenwassermenge f\u00fcr die Monate Juni bis September haben wir die Wetteraufzeichnungen des <a href=\"https:\/\/www.wetterkontor.de\/\" target=\"_blank\" rel=\"noreferrer noopener\">Wetterkontors<\/a> verwendet. <\/p>\n\n\n\n<figure class=\"wp-block-image size-large\"><a href=\"https:\/\/knappteich.de\/wp-content\/uploads\/2024\/07\/Dachflaechenwasser_02.jpg\"><img loading=\"lazy\" decoding=\"async\" width=\"1024\" height=\"772\" src=\"https:\/\/knappteich.de\/wp-content\/uploads\/2024\/07\/Dachflaechenwasser_02-1024x772.jpg\" alt=\"\" class=\"wp-image-4985\" srcset=\"https:\/\/knappteich.de\/wp-content\/uploads\/2024\/07\/Dachflaechenwasser_02-1024x772.jpg 1024w, https:\/\/knappteich.de\/wp-content\/uploads\/2024\/07\/Dachflaechenwasser_02-300x226.jpg 300w, https:\/\/knappteich.de\/wp-content\/uploads\/2024\/07\/Dachflaechenwasser_02-768x579.jpg 768w, https:\/\/knappteich.de\/wp-content\/uploads\/2024\/07\/Dachflaechenwasser_02-398x300.jpg 398w, https:\/\/knappteich.de\/wp-content\/uploads\/2024\/07\/Dachflaechenwasser_02.jpg 1068w\" sizes=\"auto, (max-width: 1024px) 100vw, 1024px\" \/><\/a><\/figure>\n\n\n\n<p>Bezogen auf die Wasserfl\u00e4che des Knappteiches ergibt sich der Bedarf an Wasser in etwa zu:<\/p>\n\n\n\n<figure class=\"wp-block-image size-large\"><a href=\"https:\/\/knappteich.de\/wp-content\/uploads\/2024\/07\/Dachflaechenwasser_03.jpg\"><img loading=\"lazy\" decoding=\"async\" width=\"1024\" height=\"730\" src=\"https:\/\/knappteich.de\/wp-content\/uploads\/2024\/07\/Dachflaechenwasser_03-1024x730.jpg\" alt=\"\" class=\"wp-image-4986\" srcset=\"https:\/\/knappteich.de\/wp-content\/uploads\/2024\/07\/Dachflaechenwasser_03-1024x730.jpg 1024w, https:\/\/knappteich.de\/wp-content\/uploads\/2024\/07\/Dachflaechenwasser_03-300x214.jpg 300w, https:\/\/knappteich.de\/wp-content\/uploads\/2024\/07\/Dachflaechenwasser_03-768x548.jpg 768w, https:\/\/knappteich.de\/wp-content\/uploads\/2024\/07\/Dachflaechenwasser_03-421x300.jpg 421w, https:\/\/knappteich.de\/wp-content\/uploads\/2024\/07\/Dachflaechenwasser_03.jpg 1073w\" sizes=\"auto, (max-width: 1024px) 100vw, 1024px\" \/><\/a><\/figure>\n\n\n\n<p>Somit besteht die Chance \u00fcber diese Dachfl\u00e4chen den Wasserbedarf des Knappteiches in den Sommermonaten zur H\u00e4lfte zu decken. <strong>Das w\u00e4re schon was !<\/strong><\/p>\n\n\n\n<p>Das <a href=\"https:\/\/knappteich.de\/wp-content\/uploads\/2024\/07\/Regenwassernutzung_Dachflaechen_Knappteich.pdf\" target=\"_blank\" rel=\"noreferrer noopener\">diese Berechnung<\/a> f\u00fcr das gesamte Jahr und auch f\u00fcr Starkregenereignisse \u00fcberpr\u00fcft werden mu\u00df, ist uns klar. Mit dieser ersten \u00dcberschlagsrechnung haben wir einen Anhaltspunkt f\u00fcr die dem Teich durch eine Regenwassernutzung dieser Dachfl\u00e4chen zur Verf\u00fcgung stehenden M\u00f6glichkeiten erhalten.<\/p>\n","protected":false},"excerpt":{"rendered":"<p>Zum Stadtratsbeschluss BA-051\/2024 vom 19.06.2024. Dank an alle Stadtr\u00e4te f\u00fcr Ihre Unterst\u00fctzung und der Zustimmung zur weiterf\u00fchrenden Untersuchung und St\u00e4rkung der Idee Schwammstadt, die bereits 2019 aufgegriffen und von uns positiv bewertet wurde. Freuen w\u00fcrden wir uns \u00fcber die Integration &hellip; <a href=\"https:\/\/knappteich.de\/index.php\/2024\/06\/26\/dachflaechenwasser-in-den-sommermonaten-was-bringt-das\/\">Weiterlesen <span class=\"meta-nav\">&rarr;<\/span><\/a><\/p>\n","protected":false},"author":3,"featured_media":0,"comment_status":"closed","ping_status":"closed","sticky":false,"template":"","format":"standard","meta":{"footnotes":""},"categories":[3],"tags":[],"class_list":["post-4982","post","type-post","status-publish","format-standard","hentry","category-archiv"],"_links":{"self":[{"href":"https:\/\/knappteich.de\/index.php\/wp-json\/wp\/v2\/posts\/4982","targetHints":{"allow":["GET"]}}],"collection":[{"href":"https:\/\/knappteich.de\/index.php\/wp-json\/wp\/v2\/posts"}],"about":[{"href":"https:\/\/knappteich.de\/index.php\/wp-json\/wp\/v2\/types\/post"}],"author":[{"embeddable":true,"href":"https:\/\/knappteich.de\/index.php\/wp-json\/wp\/v2\/users\/3"}],"replies":[{"embeddable":true,"href":"https:\/\/knappteich.de\/index.php\/wp-json\/wp\/v2\/comments?post=4982"}],"version-history":[{"count":6,"href":"https:\/\/knappteich.de\/index.php\/wp-json\/wp\/v2\/posts\/4982\/revisions"}],"predecessor-version":[{"id":4994,"href":"https:\/\/knappteich.de\/index.php\/wp-json\/wp\/v2\/posts\/4982\/revisions\/4994"}],"wp:attachment":[{"href":"https:\/\/knappteich.de\/index.php\/wp-json\/wp\/v2\/media?parent=4982"}],"wp:term":[{"taxonomy":"category","embeddable":true,"href":"https:\/\/knappteich.de\/index.php\/wp-json\/wp\/v2\/categories?post=4982"},{"taxonomy":"post_tag","embeddable":true,"href":"https:\/\/knappteich.de\/index.php\/wp-json\/wp\/v2\/tags?post=4982"}],"curies":[{"name":"wp","href":"https:\/\/api.w.org\/{rel}","templated":true}]}}