{"id":4957,"date":"2024-06-23T12:25:21","date_gmt":"2024-06-23T10:25:21","guid":{"rendered":"https:\/\/knappteich.de\/?p=4957"},"modified":"2024-12-02T10:15:56","modified_gmt":"2024-12-02T09:15:56","slug":"vandalismus-walnuss-zerstoert","status":"publish","type":"post","link":"https:\/\/knappteich.de\/index.php\/2024\/06\/23\/vandalismus-walnuss-zerstoert\/","title":{"rendered":"Vandalismus &#8211; Walnuss zerst\u00f6rt"},"content":{"rendered":"\n<p>Die Mitsommerzeit bekam nicht allen so gut &#8230; Fassungslos standen wir vor dieser Tat und konnten sie uns wieder einmal nicht erkl\u00e4ren. Wer l\u00e4sst an jungen B\u00e4umen seinen Frust derart aus ? Siehe auch <a href=\"https:\/\/knappteich.de\/index.php\/2023\/10\/20\/vandalismus-kirschbaum-gekoepft\/\" data-type=\"post\" data-id=\"4648\">hier an Kirsche<\/a> oder Apfel. <\/p>\n\n\n\n<figure class=\"wp-block-gallery has-nested-images columns-default is-cropped wp-block-gallery-1 is-layout-flex wp-block-gallery-is-layout-flex\">\n<figure class=\"wp-block-image size-large\"><a href=\"https:\/\/knappteich.de\/wp-content\/uploads\/2024\/07\/20240624_KT-Walnuss-Vandalen_01.jpg\"><img loading=\"lazy\" decoding=\"async\" width=\"842\" height=\"1024\" data-id=\"4956\" src=\"https:\/\/knappteich.de\/wp-content\/uploads\/2024\/07\/20240624_KT-Walnuss-Vandalen_01-842x1024.jpg\" alt=\"\" class=\"wp-image-4956\" srcset=\"https:\/\/knappteich.de\/wp-content\/uploads\/2024\/07\/20240624_KT-Walnuss-Vandalen_01-842x1024.jpg 842w, https:\/\/knappteich.de\/wp-content\/uploads\/2024\/07\/20240624_KT-Walnuss-Vandalen_01-247x300.jpg 247w, https:\/\/knappteich.de\/wp-content\/uploads\/2024\/07\/20240624_KT-Walnuss-Vandalen_01-768x935.jpg 768w, https:\/\/knappteich.de\/wp-content\/uploads\/2024\/07\/20240624_KT-Walnuss-Vandalen_01.jpg 1024w\" sizes=\"auto, (max-width: 842px) 100vw, 842px\" \/><\/a><figcaption class=\"wp-element-caption\">Umgeknickter Walnussbaum<\/figcaption><\/figure>\n\n\n\n<figure class=\"wp-block-image size-large\"><a href=\"https:\/\/knappteich.de\/wp-content\/uploads\/2024\/07\/20240624_KT-Walnuss-Vandalen_02.jpg\"><img loading=\"lazy\" decoding=\"async\" width=\"1024\" height=\"669\" data-id=\"4954\" src=\"https:\/\/knappteich.de\/wp-content\/uploads\/2024\/07\/20240624_KT-Walnuss-Vandalen_02.jpg\" alt=\"\" class=\"wp-image-4954\" srcset=\"https:\/\/knappteich.de\/wp-content\/uploads\/2024\/07\/20240624_KT-Walnuss-Vandalen_02.jpg 1024w, https:\/\/knappteich.de\/wp-content\/uploads\/2024\/07\/20240624_KT-Walnuss-Vandalen_02-300x196.jpg 300w, https:\/\/knappteich.de\/wp-content\/uploads\/2024\/07\/20240624_KT-Walnuss-Vandalen_02-768x502.jpg 768w, https:\/\/knappteich.de\/wp-content\/uploads\/2024\/07\/20240624_KT-Walnuss-Vandalen_02-459x300.jpg 459w\" sizes=\"auto, (max-width: 1024px) 100vw, 1024px\" \/><\/a><figcaption class=\"wp-element-caption\">Rinde abgezogen<\/figcaption><\/figure>\n\n\n\n<figure class=\"wp-block-image size-large\"><a href=\"https:\/\/knappteich.de\/wp-content\/uploads\/2024\/07\/20240624_KT-Walnuss-Vandalen_03.jpg\"><img loading=\"lazy\" decoding=\"async\" width=\"846\" height=\"1024\" data-id=\"4955\" src=\"https:\/\/knappteich.de\/wp-content\/uploads\/2024\/07\/20240624_KT-Walnuss-Vandalen_03-846x1024.jpg\" alt=\"\" class=\"wp-image-4955\" srcset=\"https:\/\/knappteich.de\/wp-content\/uploads\/2024\/07\/20240624_KT-Walnuss-Vandalen_03-846x1024.jpg 846w, https:\/\/knappteich.de\/wp-content\/uploads\/2024\/07\/20240624_KT-Walnuss-Vandalen_03-248x300.jpg 248w, https:\/\/knappteich.de\/wp-content\/uploads\/2024\/07\/20240624_KT-Walnuss-Vandalen_03-768x929.jpg 768w, https:\/\/knappteich.de\/wp-content\/uploads\/2024\/07\/20240624_KT-Walnuss-Vandalen_03.jpg 1024w\" sizes=\"auto, (max-width: 846px) 100vw, 846px\" \/><\/a><figcaption class=\"wp-element-caption\">Vielleicht erholt er sich &#8230;<\/figcaption><\/figure>\n<\/figure>\n\n\n\n<p>Wir haben diese Tat zur polizeilichen Anzeige gebracht und werden bei weiteren Vandalismusattacken ebenso verfahren.<\/p>\n","protected":false},"excerpt":{"rendered":"<p>Die Mitsommerzeit bekam nicht allen so gut &#8230; Fassungslos standen wir vor dieser Tat und konnten sie uns wieder einmal nicht erkl\u00e4ren. Wer l\u00e4sst an jungen B\u00e4umen seinen Frust derart aus ? Siehe auch hier an Kirsche oder Apfel. Wir &hellip; <a href=\"https:\/\/knappteich.de\/index.php\/2024\/06\/23\/vandalismus-walnuss-zerstoert\/\">Weiterlesen <span class=\"meta-nav\">&rarr;<\/span><\/a><\/p>\n","protected":false},"author":3,"featured_media":0,"comment_status":"closed","ping_status":"closed","sticky":false,"template":"","format":"standard","meta":{"footnotes":""},"categories":[3],"tags":[],"class_list":["post-4957","post","type-post","status-publish","format-standard","hentry","category-archiv"],"_links":{"self":[{"href":"https:\/\/knappteich.de\/index.php\/wp-json\/wp\/v2\/posts\/4957","targetHints":{"allow":["GET"]}}],"collection":[{"href":"https:\/\/knappteich.de\/index.php\/wp-json\/wp\/v2\/posts"}],"about":[{"href":"https:\/\/knappteich.de\/index.php\/wp-json\/wp\/v2\/types\/post"}],"author":[{"embeddable":true,"href":"https:\/\/knappteich.de\/index.php\/wp-json\/wp\/v2\/users\/3"}],"replies":[{"embeddable":true,"href":"https:\/\/knappteich.de\/index.php\/wp-json\/wp\/v2\/comments?post=4957"}],"version-history":[{"count":1,"href":"https:\/\/knappteich.de\/index.php\/wp-json\/wp\/v2\/posts\/4957\/revisions"}],"predecessor-version":[{"id":4958,"href":"https:\/\/knappteich.de\/index.php\/wp-json\/wp\/v2\/posts\/4957\/revisions\/4958"}],"wp:attachment":[{"href":"https:\/\/knappteich.de\/index.php\/wp-json\/wp\/v2\/media?parent=4957"}],"wp:term":[{"taxonomy":"category","embeddable":true,"href":"https:\/\/knappteich.de\/index.php\/wp-json\/wp\/v2\/categories?post=4957"},{"taxonomy":"post_tag","embeddable":true,"href":"https:\/\/knappteich.de\/index.php\/wp-json\/wp\/v2\/tags?post=4957"}],"curies":[{"name":"wp","href":"https:\/\/api.w.org\/{rel}","templated":true}]}}