{"id":4945,"date":"2024-06-10T11:55:42","date_gmt":"2024-06-10T09:55:42","guid":{"rendered":"https:\/\/knappteich.de\/?p=4945"},"modified":"2024-10-21T16:16:35","modified_gmt":"2024-10-21T14:16:35","slug":"springbrunnen-am-knappteich-laeuft-wieder","status":"publish","type":"post","link":"https:\/\/knappteich.de\/index.php\/2024\/06\/10\/springbrunnen-am-knappteich-laeuft-wieder\/","title":{"rendered":"Springbrunnen am Knappteich l\u00e4uft wieder !"},"content":{"rendered":"\n<p>An den ersten hei\u00dfen Junitagen wurde vielfach die Frage von Knappteichbesuchern nach dem &#8222;KNAPPTEICH-SPRINGBRUNNEN&#8220; gestellt. &#8222;Wird der dieses Jahr wieder installiert ?&#8220;<\/p>\n\n\n\n<div class=\"wp-block-media-text is-stacked-on-mobile\" style=\"grid-template-columns:44% auto\"><figure class=\"wp-block-media-text__media\"><img loading=\"lazy\" decoding=\"async\" width=\"1004\" height=\"1024\" src=\"https:\/\/knappteich.de\/wp-content\/uploads\/2024\/07\/20240609_KT-Springbrunnen-installiert-1004x1024.jpg\" alt=\"\" class=\"wp-image-4944 size-full\" srcset=\"https:\/\/knappteich.de\/wp-content\/uploads\/2024\/07\/20240609_KT-Springbrunnen-installiert-1004x1024.jpg 1004w, https:\/\/knappteich.de\/wp-content\/uploads\/2024\/07\/20240609_KT-Springbrunnen-installiert-294x300.jpg 294w, https:\/\/knappteich.de\/wp-content\/uploads\/2024\/07\/20240609_KT-Springbrunnen-installiert-768x783.jpg 768w, https:\/\/knappteich.de\/wp-content\/uploads\/2024\/07\/20240609_KT-Springbrunnen-installiert.jpg 1024w\" sizes=\"auto, (max-width: 1004px) 100vw, 1004px\" \/><\/figure><div class=\"wp-block-media-text__content\">\n<p>Jetzt ist es soweit und wir haben die Teichbel\u00fcftungsanlage wieder auf den Teich und in Gang gebracht. Die Pumpanlage f\u00fcr den Springbrunnen wird durch zwei Photovoltaikplatten mit Strom versorgt. Dadurch ist der Springbrunnen nur bei Tag aktiv und vermeidet nachts st\u00f6rende Pl\u00e4tscherger\u00e4usche f\u00fcr die Anwohner. Durch den Springbrunnen wird mehr Sauerstoff in das Teichwasser gebracht, damit die Algenbildung reduziert und ein Fischsterben vermieden. <\/p>\n<\/div><\/div>\n\n\n\n<!--more-->\n\n\n\n<figure class=\"wp-block-video\"><video height=\"1280\" style=\"aspect-ratio: 720 \/ 1280;\" width=\"720\" controls src=\"https:\/\/knappteich.de\/wp-content\/uploads\/2024\/07\/VID_20240705_100109_890.mp4\"><\/video><\/figure>\n\n\n\n<p><\/p>\n","protected":false},"excerpt":{"rendered":"<p>An den ersten hei\u00dfen Junitagen wurde vielfach die Frage von Knappteichbesuchern nach dem &#8222;KNAPPTEICH-SPRINGBRUNNEN&#8220; gestellt. &#8222;Wird der dieses Jahr wieder installiert ?&#8220; Jetzt ist es soweit und wir haben die Teichbel\u00fcftungsanlage wieder auf den Teich und in Gang gebracht. Die &hellip; <a href=\"https:\/\/knappteich.de\/index.php\/2024\/06\/10\/springbrunnen-am-knappteich-laeuft-wieder\/\">Weiterlesen <span class=\"meta-nav\">&rarr;<\/span><\/a><\/p>\n","protected":false},"author":3,"featured_media":0,"comment_status":"closed","ping_status":"closed","sticky":false,"template":"","format":"standard","meta":{"footnotes":""},"categories":[3],"tags":[],"class_list":["post-4945","post","type-post","status-publish","format-standard","hentry","category-archiv"],"_links":{"self":[{"href":"https:\/\/knappteich.de\/index.php\/wp-json\/wp\/v2\/posts\/4945","targetHints":{"allow":["GET"]}}],"collection":[{"href":"https:\/\/knappteich.de\/index.php\/wp-json\/wp\/v2\/posts"}],"about":[{"href":"https:\/\/knappteich.de\/index.php\/wp-json\/wp\/v2\/types\/post"}],"author":[{"embeddable":true,"href":"https:\/\/knappteich.de\/index.php\/wp-json\/wp\/v2\/users\/3"}],"replies":[{"embeddable":true,"href":"https:\/\/knappteich.de\/index.php\/wp-json\/wp\/v2\/comments?post=4945"}],"version-history":[{"count":1,"href":"https:\/\/knappteich.de\/index.php\/wp-json\/wp\/v2\/posts\/4945\/revisions"}],"predecessor-version":[{"id":4946,"href":"https:\/\/knappteich.de\/index.php\/wp-json\/wp\/v2\/posts\/4945\/revisions\/4946"}],"wp:attachment":[{"href":"https:\/\/knappteich.de\/index.php\/wp-json\/wp\/v2\/media?parent=4945"}],"wp:term":[{"taxonomy":"category","embeddable":true,"href":"https:\/\/knappteich.de\/index.php\/wp-json\/wp\/v2\/categories?post=4945"},{"taxonomy":"post_tag","embeddable":true,"href":"https:\/\/knappteich.de\/index.php\/wp-json\/wp\/v2\/tags?post=4945"}],"curies":[{"name":"wp","href":"https:\/\/api.w.org\/{rel}","templated":true}]}}