{"id":4691,"date":"2023-11-11T16:12:50","date_gmt":"2023-11-11T15:12:50","guid":{"rendered":"https:\/\/knappteich.de\/?p=4691"},"modified":"2024-04-28T21:29:32","modified_gmt":"2024-04-28T19:29:32","slug":"herbstputz-2023-am-knappteich","status":"publish","type":"post","link":"https:\/\/knappteich.de\/index.php\/2023\/11\/11\/herbstputz-2023-am-knappteich\/","title":{"rendered":"Herbstputz 2023 am Knappteich"},"content":{"rendered":"\n<p>Dieser Herbstputz zum 11.11. ist aber gr\u00fcndlich ins Wasser gefallen. P\u00fcnktlich mit Start 10 Uhr erreichen uns die ersten Regentropfen und bis 12 Uhr sind alle Teilnehmer komplett durchn\u00e4sst. Wir haben den Rasen vor dem Wohnblock noch einmal eingek\u00fcrzt, um es den Ratten und W\u00fchlm\u00e4usen nicht allzu bequem zu machen. Auf kurzgeschorenem Rasen erw\u00e4rmt sich die Erde schneller und somit wird auch die Temperatur im Bau schnell ungem\u00fctlich warm. Anschlie\u00dfend haben wir die Uferbereiche im Baum\/Buschbestand reduziert und den allgegenw\u00e4rtigen Hartriegel und die Goldrute herausgenommen. Vor dem Wohnblock wurden ausgesuchte Schwarzerlen stehen gelassen, die mit Ihren Wurzeln das Ufer auf nat\u00fcrliche Weise befestigen sollen und somit auch gr\u00f6\u00dfer wachsen werden.<\/p>\n\n\n\n<figure class=\"wp-block-image size-large\"><a href=\"https:\/\/knappteich.de\/wp-content\/uploads\/2023\/11\/IMG_20231111_153244_985.jpg\"><img loading=\"lazy\" decoding=\"async\" width=\"1024\" height=\"768\" src=\"https:\/\/knappteich.de\/wp-content\/uploads\/2023\/11\/IMG_20231111_153244_985-1024x768.jpg\" alt=\"\" class=\"wp-image-4685\" srcset=\"https:\/\/knappteich.de\/wp-content\/uploads\/2023\/11\/IMG_20231111_153244_985-1024x768.jpg 1024w, https:\/\/knappteich.de\/wp-content\/uploads\/2023\/11\/IMG_20231111_153244_985-300x225.jpg 300w, https:\/\/knappteich.de\/wp-content\/uploads\/2023\/11\/IMG_20231111_153244_985-768x576.jpg 768w, https:\/\/knappteich.de\/wp-content\/uploads\/2023\/11\/IMG_20231111_153244_985-400x300.jpg 400w, https:\/\/knappteich.de\/wp-content\/uploads\/2023\/11\/IMG_20231111_153244_985.jpg 1280w\" sizes=\"auto, (max-width: 1024px) 100vw, 1024px\" \/><\/a><\/figure>\n\n\n\n<p>Weitere Erlen werden auch zuk\u00fcnftig an den Orten Ihrer nat\u00fcrlichen Ansiedlung stehen gelassen, so das der \u00dcbergang zu einer anderen Baumpopulation am Knappteich &#8211; von Weiden zu Schwarzerlen &#8211; sanft geschehen wird. Die <a href=\"https:\/\/knappteich.de\/index.php\/2020\/08\/20\/baumbruch-am-knappteich\/\" data-type=\"post\" data-id=\"3354\">Weiden<\/a> sind mit einem Alter von 100 Jahren bald an Ihrer maximalen Lebensspanne angekommen und werden zuk\u00fcnftig (auch um Gefahren von Baumbruch zu minimieren) in der H\u00f6he reduziert.<\/p>\n","protected":false},"excerpt":{"rendered":"<p>Dieser Herbstputz zum 11.11. ist aber gr\u00fcndlich ins Wasser gefallen. P\u00fcnktlich mit Start 10 Uhr erreichen uns die ersten Regentropfen und bis 12 Uhr sind alle Teilnehmer komplett durchn\u00e4sst. Wir haben den Rasen vor dem Wohnblock noch einmal eingek\u00fcrzt, um &hellip; <a href=\"https:\/\/knappteich.de\/index.php\/2023\/11\/11\/herbstputz-2023-am-knappteich\/\">Weiterlesen <span class=\"meta-nav\">&rarr;<\/span><\/a><\/p>\n","protected":false},"author":3,"featured_media":0,"comment_status":"closed","ping_status":"closed","sticky":false,"template":"","format":"standard","meta":{"footnotes":""},"categories":[3],"tags":[],"class_list":["post-4691","post","type-post","status-publish","format-standard","hentry","category-archiv"],"_links":{"self":[{"href":"https:\/\/knappteich.de\/index.php\/wp-json\/wp\/v2\/posts\/4691","targetHints":{"allow":["GET"]}}],"collection":[{"href":"https:\/\/knappteich.de\/index.php\/wp-json\/wp\/v2\/posts"}],"about":[{"href":"https:\/\/knappteich.de\/index.php\/wp-json\/wp\/v2\/types\/post"}],"author":[{"embeddable":true,"href":"https:\/\/knappteich.de\/index.php\/wp-json\/wp\/v2\/users\/3"}],"replies":[{"embeddable":true,"href":"https:\/\/knappteich.de\/index.php\/wp-json\/wp\/v2\/comments?post=4691"}],"version-history":[{"count":2,"href":"https:\/\/knappteich.de\/index.php\/wp-json\/wp\/v2\/posts\/4691\/revisions"}],"predecessor-version":[{"id":4693,"href":"https:\/\/knappteich.de\/index.php\/wp-json\/wp\/v2\/posts\/4691\/revisions\/4693"}],"wp:attachment":[{"href":"https:\/\/knappteich.de\/index.php\/wp-json\/wp\/v2\/media?parent=4691"}],"wp:term":[{"taxonomy":"category","embeddable":true,"href":"https:\/\/knappteich.de\/index.php\/wp-json\/wp\/v2\/categories?post=4691"},{"taxonomy":"post_tag","embeddable":true,"href":"https:\/\/knappteich.de\/index.php\/wp-json\/wp\/v2\/tags?post=4691"}],"curies":[{"name":"wp","href":"https:\/\/api.w.org\/{rel}","templated":true}]}}