{"id":4393,"date":"2023-05-14T22:57:23","date_gmt":"2023-05-14T20:57:23","guid":{"rendered":"https:\/\/knappteich.de\/?p=4393"},"modified":"2023-11-11T16:14:01","modified_gmt":"2023-11-11T15:14:01","slug":"besuch-vom-sfz-foerderzentrum-ggmbh-am-knappteich","status":"publish","type":"post","link":"https:\/\/knappteich.de\/index.php\/2023\/05\/14\/besuch-vom-sfz-foerderzentrum-ggmbh-am-knappteich\/","title":{"rendered":"Besuch vom SFZ F\u00f6rderzentrum gGmbH am Knappteich"},"content":{"rendered":"\n<p>Die <a rel=\"noreferrer noopener\" href=\"https:\/\/www.sfz-chemnitz.de\/\" target=\"_blank\">SFZ F\u00f6rderzentrum gGmbH<\/a> ist eine Nachfolgerin von der 1905 gegr\u00fcndeten Landesanstalt f\u00fcr Blinde im Chemnitzer Flemminggebiet. Ein Schwerpunkt des SFZ ist die Rehabilitation von Menschen mit Seheinschr\u00e4nkung und Blindheit. Dazu geh\u00f6ren auch die Internate f\u00fcr Jugendliche, die in Schule und Ausbildung innerhalb des SFZ aktiv sind. <br>Der Anruf vom Internatsbetreuer war nicht unerwartet, da wir schon im vorhinein \u00fcber eine weitere Kooperation diskutiert hatten. So traf an einem Sonnabend im Mai ein Gr\u00fcppchen von sieben Jugendlichen bei uns am Knappteich ein. <br>Von hier lassen wir gern die Jugendlichen selbst von Ihrem Nachmittag bei uns berichten: <\/p>\n\n\n\n<figure class=\"wp-block-image size-large\"><a href=\"https:\/\/knappteich.de\/wp-content\/uploads\/2023\/05\/23-05-13_SFZ-am-Teich_03.jpg\"><img loading=\"lazy\" decoding=\"async\" width=\"1024\" height=\"694\" src=\"https:\/\/knappteich.de\/wp-content\/uploads\/2023\/05\/23-05-13_SFZ-am-Teich_03-1024x694.jpg\" alt=\"\" class=\"wp-image-4396\" srcset=\"https:\/\/knappteich.de\/wp-content\/uploads\/2023\/05\/23-05-13_SFZ-am-Teich_03-1024x694.jpg 1024w, https:\/\/knappteich.de\/wp-content\/uploads\/2023\/05\/23-05-13_SFZ-am-Teich_03-300x203.jpg 300w, https:\/\/knappteich.de\/wp-content\/uploads\/2023\/05\/23-05-13_SFZ-am-Teich_03-768x521.jpg 768w, https:\/\/knappteich.de\/wp-content\/uploads\/2023\/05\/23-05-13_SFZ-am-Teich_03-442x300.jpg 442w, https:\/\/knappteich.de\/wp-content\/uploads\/2023\/05\/23-05-13_SFZ-am-Teich_03.jpg 1280w\" sizes=\"auto, (max-width: 1024px) 100vw, 1024px\" \/><\/a><\/figure>\n\n\n\n<div class=\"wp-block-media-text alignwide is-stacked-on-mobile\" style=\"grid-template-columns:38% auto\"><figure class=\"wp-block-media-text__media\"><img loading=\"lazy\" decoding=\"async\" width=\"795\" height=\"1024\" src=\"https:\/\/knappteich.de\/wp-content\/uploads\/2023\/05\/23-05-13_SFZ-am-Teich_01-795x1024.jpg\" alt=\"\" class=\"wp-image-4397 size-full\" srcset=\"https:\/\/knappteich.de\/wp-content\/uploads\/2023\/05\/23-05-13_SFZ-am-Teich_01-795x1024.jpg 795w, https:\/\/knappteich.de\/wp-content\/uploads\/2023\/05\/23-05-13_SFZ-am-Teich_01-233x300.jpg 233w, https:\/\/knappteich.de\/wp-content\/uploads\/2023\/05\/23-05-13_SFZ-am-Teich_01-768x989.jpg 768w, https:\/\/knappteich.de\/wp-content\/uploads\/2023\/05\/23-05-13_SFZ-am-Teich_01.jpg 800w\" sizes=\"auto, (max-width: 795px) 100vw, 795px\" \/><\/figure><div class=\"wp-block-media-text__content\">\n<p>Am Nachmittag des 13. Mai 2023 fuhren ein paar Bewohner des Internats unter der Aufsicht von Thomas mit der Buslinie 31 an den Knappteich. Dort angekommen begr\u00fc\u00dfte uns ein Gartenpfleger, der ebenfalls Thomas hie\u00df, mit einem Kollegen. Zuerst wurden wir \u00fcber die Geschichte des Teichs informiert. Er wurde zu Beginn des 20. Jahrhunderts als Teich zur Fischzucht und Eisgewinnung angelegt, verschlammte aufgrund fehlender Pflege und eine Bebauung, die 2013 geplant wurde, wurde von einer B\u00fcrgerinitiative verhindert.<\/p>\n<\/div><\/div>\n\n\n\n<div class=\"wp-block-media-text alignwide has-media-on-the-right is-stacked-on-mobile\" style=\"grid-template-columns:auto 36%\"><div class=\"wp-block-media-text__content\">\n<p>Daraufhin haben wir \u00fcber die nahegelegene \u201eessbare Stadt\u201c &#8211; eine Ansammlung verschiedener Beeren und anderer Essbarer Pflanzen \u2013 sowie ein paar Bewohner des Teichs erfahren. <br>Schlie\u00dflich ging es f\u00fcr uns in den Garten in der N\u00e4he, wo wir Holz s\u00e4gen und Kr\u00e4uter wie die beliebte Sauerampfer kosten durften.<\/p>\n\n\n\n<p>                                                                   Erik<\/p>\n<\/div><figure class=\"wp-block-media-text__media\"><img loading=\"lazy\" decoding=\"async\" width=\"957\" height=\"1024\" src=\"https:\/\/knappteich.de\/wp-content\/uploads\/2023\/05\/23-05-13_SFZ-am-Teich_02-957x1024.jpg\" alt=\"\" class=\"wp-image-4395 size-full\" srcset=\"https:\/\/knappteich.de\/wp-content\/uploads\/2023\/05\/23-05-13_SFZ-am-Teich_02-957x1024.jpg 957w, https:\/\/knappteich.de\/wp-content\/uploads\/2023\/05\/23-05-13_SFZ-am-Teich_02-280x300.jpg 280w, https:\/\/knappteich.de\/wp-content\/uploads\/2023\/05\/23-05-13_SFZ-am-Teich_02-768x822.jpg 768w, https:\/\/knappteich.de\/wp-content\/uploads\/2023\/05\/23-05-13_SFZ-am-Teich_02.jpg 1024w\" sizes=\"auto, (max-width: 957px) 100vw, 957px\" \/><\/figure><\/div>\n\n\n\n<p>Die M\u00e4dels und Jungs haben sich richtig viel M\u00fche gegeben beim Kr\u00e4uterraten und am Ende war f\u00fcr viele klar, was Ihr Lieblingskraut war &#8211; nichts ging \u00fcber Sauerampfer. Ihr k\u00f6nnt gerne wieder vorbeikommen. Bis bald.<\/p>\n","protected":false},"excerpt":{"rendered":"<p>Die SFZ F\u00f6rderzentrum gGmbH ist eine Nachfolgerin von der 1905 gegr\u00fcndeten Landesanstalt f\u00fcr Blinde im Chemnitzer Flemminggebiet. Ein Schwerpunkt des SFZ ist die Rehabilitation von Menschen mit Seheinschr\u00e4nkung und Blindheit. Dazu geh\u00f6ren auch die Internate f\u00fcr Jugendliche, die in Schule &hellip; <a href=\"https:\/\/knappteich.de\/index.php\/2023\/05\/14\/besuch-vom-sfz-foerderzentrum-ggmbh-am-knappteich\/\">Weiterlesen <span class=\"meta-nav\">&rarr;<\/span><\/a><\/p>\n","protected":false},"author":3,"featured_media":0,"comment_status":"closed","ping_status":"closed","sticky":false,"template":"","format":"standard","meta":{"footnotes":""},"categories":[3],"tags":[],"class_list":["post-4393","post","type-post","status-publish","format-standard","hentry","category-archiv"],"_links":{"self":[{"href":"https:\/\/knappteich.de\/index.php\/wp-json\/wp\/v2\/posts\/4393","targetHints":{"allow":["GET"]}}],"collection":[{"href":"https:\/\/knappteich.de\/index.php\/wp-json\/wp\/v2\/posts"}],"about":[{"href":"https:\/\/knappteich.de\/index.php\/wp-json\/wp\/v2\/types\/post"}],"author":[{"embeddable":true,"href":"https:\/\/knappteich.de\/index.php\/wp-json\/wp\/v2\/users\/3"}],"replies":[{"embeddable":true,"href":"https:\/\/knappteich.de\/index.php\/wp-json\/wp\/v2\/comments?post=4393"}],"version-history":[{"count":2,"href":"https:\/\/knappteich.de\/index.php\/wp-json\/wp\/v2\/posts\/4393\/revisions"}],"predecessor-version":[{"id":4398,"href":"https:\/\/knappteich.de\/index.php\/wp-json\/wp\/v2\/posts\/4393\/revisions\/4398"}],"wp:attachment":[{"href":"https:\/\/knappteich.de\/index.php\/wp-json\/wp\/v2\/media?parent=4393"}],"wp:term":[{"taxonomy":"category","embeddable":true,"href":"https:\/\/knappteich.de\/index.php\/wp-json\/wp\/v2\/categories?post=4393"},{"taxonomy":"post_tag","embeddable":true,"href":"https:\/\/knappteich.de\/index.php\/wp-json\/wp\/v2\/tags?post=4393"}],"curies":[{"name":"wp","href":"https:\/\/api.w.org\/{rel}","templated":true}]}}