{"id":4239,"date":"2022-12-05T15:30:14","date_gmt":"2022-12-05T14:30:14","guid":{"rendered":"https:\/\/knappteich.de\/?p=4239"},"modified":"2023-04-20T21:09:50","modified_gmt":"2023-04-20T19:09:50","slug":"knappteichkalender-2023-erschienen","status":"publish","type":"post","link":"https:\/\/knappteich.de\/index.php\/2022\/12\/05\/knappteichkalender-2023-erschienen\/","title":{"rendered":"Knappteichkalender f\u00fcr 2023 erschienen"},"content":{"rendered":"\n<div class=\"wp-block-media-text alignwide is-stacked-on-mobile\" style=\"grid-template-columns:54% auto\"><figure class=\"wp-block-media-text__media\"><img loading=\"lazy\" decoding=\"async\" width=\"983\" height=\"631\" src=\"https:\/\/knappteich.de\/wp-content\/uploads\/2023\/01\/22-12-05_Knappteichkalender.jpg\" alt=\"\" class=\"wp-image-4238 size-full\" srcset=\"https:\/\/knappteich.de\/wp-content\/uploads\/2023\/01\/22-12-05_Knappteichkalender.jpg 983w, https:\/\/knappteich.de\/wp-content\/uploads\/2023\/01\/22-12-05_Knappteichkalender-300x193.jpg 300w, https:\/\/knappteich.de\/wp-content\/uploads\/2023\/01\/22-12-05_Knappteichkalender-768x493.jpg 768w, https:\/\/knappteich.de\/wp-content\/uploads\/2023\/01\/22-12-05_Knappteichkalender-467x300.jpg 467w\" sizes=\"auto, (max-width: 983px) 100vw, 983px\" \/><\/figure><div class=\"wp-block-media-text__content\">\n<p>Dieses Jahr haben wir mit Unterst\u00fctzung der <a rel=\"noreferrer noopener\" href=\"https:\/\/bpf-mitteost.de\/sdb\/\" target=\"_blank\">B\u00fcrgerplattform Mitte-Ost<\/a> die Gelegenheit ergriffen einen Jahreskalender f\u00fcr das Jahr 2023 zum Knappteich zu erstellen. So sieht der Karton mit den Kalendern aus. <\/p>\n<\/div><\/div>\n\n\n\n<p>Es sind noch Restbest\u00e4nde vorhanden, die \u00fcber den <a rel=\"noreferrer noopener\" href=\"https:\/\/bpf-mitteost.de\/sdb\/?page_id=16\" target=\"_blank\">Koordinator der B\u00fcrgerplattform<\/a> erstanden werden k\u00f6nnen. Hier bitte separat einen Termin ausmachen. <\/p>\n\n\n\n<p>Danke an Elisabeth f\u00fcr die Erstellung des Kalenders und an die B\u00fcrgerplattform f\u00fcr die finanzielle Unterst\u00fctzung. <\/p>\n","protected":false},"excerpt":{"rendered":"<p>Dieses Jahr haben wir mit Unterst\u00fctzung der B\u00fcrgerplattform Mitte-Ost die Gelegenheit ergriffen einen Jahreskalender f\u00fcr das Jahr 2023 zum Knappteich zu erstellen. So sieht der Karton mit den Kalendern aus. Es sind noch Restbest\u00e4nde vorhanden, die \u00fcber den Koordinator der &hellip; <a href=\"https:\/\/knappteich.de\/index.php\/2022\/12\/05\/knappteichkalender-2023-erschienen\/\">Weiterlesen <span class=\"meta-nav\">&rarr;<\/span><\/a><\/p>\n","protected":false},"author":3,"featured_media":0,"comment_status":"closed","ping_status":"closed","sticky":false,"template":"","format":"standard","meta":{"footnotes":""},"categories":[3],"tags":[],"class_list":["post-4239","post","type-post","status-publish","format-standard","hentry","category-archiv"],"_links":{"self":[{"href":"https:\/\/knappteich.de\/index.php\/wp-json\/wp\/v2\/posts\/4239","targetHints":{"allow":["GET"]}}],"collection":[{"href":"https:\/\/knappteich.de\/index.php\/wp-json\/wp\/v2\/posts"}],"about":[{"href":"https:\/\/knappteich.de\/index.php\/wp-json\/wp\/v2\/types\/post"}],"author":[{"embeddable":true,"href":"https:\/\/knappteich.de\/index.php\/wp-json\/wp\/v2\/users\/3"}],"replies":[{"embeddable":true,"href":"https:\/\/knappteich.de\/index.php\/wp-json\/wp\/v2\/comments?post=4239"}],"version-history":[{"count":2,"href":"https:\/\/knappteich.de\/index.php\/wp-json\/wp\/v2\/posts\/4239\/revisions"}],"predecessor-version":[{"id":4265,"href":"https:\/\/knappteich.de\/index.php\/wp-json\/wp\/v2\/posts\/4239\/revisions\/4265"}],"wp:attachment":[{"href":"https:\/\/knappteich.de\/index.php\/wp-json\/wp\/v2\/media?parent=4239"}],"wp:term":[{"taxonomy":"category","embeddable":true,"href":"https:\/\/knappteich.de\/index.php\/wp-json\/wp\/v2\/categories?post=4239"},{"taxonomy":"post_tag","embeddable":true,"href":"https:\/\/knappteich.de\/index.php\/wp-json\/wp\/v2\/tags?post=4239"}],"curies":[{"name":"wp","href":"https:\/\/api.w.org\/{rel}","templated":true}]}}