{"id":4140,"date":"2022-10-15T22:21:43","date_gmt":"2022-10-15T20:21:43","guid":{"rendered":"https:\/\/knappteich.de\/?p=4140"},"modified":"2023-01-29T14:06:59","modified_gmt":"2023-01-29T13:06:59","slug":"herbstputz-2022-teil-i","status":"publish","type":"post","link":"https:\/\/knappteich.de\/index.php\/2022\/10\/15\/herbstputz-2022-teil-i\/","title":{"rendered":"Herbstputz 2022 &#8211; Teil I"},"content":{"rendered":"\n<p>Der erste Teil des Herbstputzes &#8211; dies Jahr Mitte Oktober &#8211; fand mit 15 Mitmachern bei anf\u00e4nglich regnerischem Wetter statt. Laub wurde in den Laubkomposter gesammelt und die Weidenb\u00e4ume wurden entlang der Wege um einige Zweige und \u00c4ste gestutzt. Die Weiden wurden gleich f\u00fcr die Beetumrandung bei den Knappteichb\u00e4nken wiederverwendet. <\/p>\n\n\n\n<figure class=\"wp-block-image size-large\"><a href=\"https:\/\/knappteich.de\/wp-content\/uploads\/2022\/10\/20221015_Herbstputz-I-03.jpg\"><img loading=\"lazy\" decoding=\"async\" width=\"1024\" height=\"474\" src=\"https:\/\/knappteich.de\/wp-content\/uploads\/2022\/10\/20221015_Herbstputz-I-03-1024x474.jpg\" alt=\"\" class=\"wp-image-4148\" srcset=\"https:\/\/knappteich.de\/wp-content\/uploads\/2022\/10\/20221015_Herbstputz-I-03-1024x474.jpg 1024w, https:\/\/knappteich.de\/wp-content\/uploads\/2022\/10\/20221015_Herbstputz-I-03-300x139.jpg 300w, https:\/\/knappteich.de\/wp-content\/uploads\/2022\/10\/20221015_Herbstputz-I-03-768x355.jpg 768w, https:\/\/knappteich.de\/wp-content\/uploads\/2022\/10\/20221015_Herbstputz-I-03-500x231.jpg 500w, https:\/\/knappteich.de\/wp-content\/uploads\/2022\/10\/20221015_Herbstputz-I-03.jpg 1280w\" sizes=\"auto, (max-width: 1024px) 100vw, 1024px\" \/><\/a><figcaption>Herbstputz in der Essbaren Stadt<\/figcaption><\/figure>\n\n\n\n<figure class=\"wp-block-image size-large\"><a href=\"https:\/\/knappteich.de\/wp-content\/uploads\/2022\/10\/20221015_Herbstputz-I-05.jpg\"><img loading=\"lazy\" decoding=\"async\" width=\"1024\" height=\"466\" src=\"https:\/\/knappteich.de\/wp-content\/uploads\/2022\/10\/20221015_Herbstputz-I-05-1024x466.jpg\" alt=\"\" class=\"wp-image-4143\" srcset=\"https:\/\/knappteich.de\/wp-content\/uploads\/2022\/10\/20221015_Herbstputz-I-05-1024x466.jpg 1024w, https:\/\/knappteich.de\/wp-content\/uploads\/2022\/10\/20221015_Herbstputz-I-05-300x137.jpg 300w, https:\/\/knappteich.de\/wp-content\/uploads\/2022\/10\/20221015_Herbstputz-I-05-768x350.jpg 768w, https:\/\/knappteich.de\/wp-content\/uploads\/2022\/10\/20221015_Herbstputz-I-05-500x228.jpg 500w, https:\/\/knappteich.de\/wp-content\/uploads\/2022\/10\/20221015_Herbstputz-I-05.jpg 1280w\" sizes=\"auto, (max-width: 1024px) 100vw, 1024px\" \/><\/a><figcaption>Neue Beetumrandung aus Weidenzweigen<\/figcaption><\/figure>\n\n\n\n<p>Um den Teich herum wurde Totholz bereinigt und auch gleich mit der Kettens\u00e4ge in handliche St\u00fccke gebracht. Man wei\u00df ja nie, wof\u00fcr man das diesen Winter alles noch brauchen kann.<\/p>\n\n\n\n<figure class=\"wp-block-gallery has-nested-images columns-default is-cropped wp-block-gallery-1 is-layout-flex wp-block-gallery-is-layout-flex\">\n<figure class=\"wp-block-image size-large\"><a href=\"https:\/\/knappteich.de\/wp-content\/uploads\/2022\/10\/20221015_Herbstputz-I-02.jpg\"><img loading=\"lazy\" decoding=\"async\" width=\"640\" height=\"1092\" data-id=\"4147\" src=\"https:\/\/knappteich.de\/wp-content\/uploads\/2022\/10\/20221015_Herbstputz-I-02.jpg\" alt=\"\" class=\"wp-image-4147\" srcset=\"https:\/\/knappteich.de\/wp-content\/uploads\/2022\/10\/20221015_Herbstputz-I-02.jpg 640w, https:\/\/knappteich.de\/wp-content\/uploads\/2022\/10\/20221015_Herbstputz-I-02-176x300.jpg 176w, https:\/\/knappteich.de\/wp-content\/uploads\/2022\/10\/20221015_Herbstputz-I-02-600x1024.jpg 600w\" sizes=\"auto, (max-width: 640px) 100vw, 640px\" \/><\/a><figcaption>Spass beim &#8222;Weidenernten&#8220;<\/figcaption><\/figure>\n\n\n\n<figure class=\"wp-block-image size-large\"><a href=\"https:\/\/knappteich.de\/wp-content\/uploads\/2022\/10\/20221015_Herbstputz-I-04.jpg\"><img loading=\"lazy\" decoding=\"async\" width=\"800\" height=\"1297\" data-id=\"4142\" src=\"https:\/\/knappteich.de\/wp-content\/uploads\/2022\/10\/20221015_Herbstputz-I-04.jpg\" alt=\"\" class=\"wp-image-4142\" srcset=\"https:\/\/knappteich.de\/wp-content\/uploads\/2022\/10\/20221015_Herbstputz-I-04.jpg 800w, https:\/\/knappteich.de\/wp-content\/uploads\/2022\/10\/20221015_Herbstputz-I-04-185x300.jpg 185w, https:\/\/knappteich.de\/wp-content\/uploads\/2022\/10\/20221015_Herbstputz-I-04-632x1024.jpg 632w, https:\/\/knappteich.de\/wp-content\/uploads\/2022\/10\/20221015_Herbstputz-I-04-768x1245.jpg 768w\" sizes=\"auto, (max-width: 800px) 100vw, 800px\" \/><\/a><figcaption>und bei der Apfelernte<\/figcaption><\/figure>\n\n\n\n<figure class=\"wp-block-image size-large\"><a href=\"https:\/\/knappteich.de\/wp-content\/uploads\/2022\/10\/20221015_Herbstputz-I-07.jpg\"><img loading=\"lazy\" decoding=\"async\" width=\"1024\" height=\"1069\" data-id=\"4145\" src=\"https:\/\/knappteich.de\/wp-content\/uploads\/2022\/10\/20221015_Herbstputz-I-07.jpg\" alt=\"\" class=\"wp-image-4145\" srcset=\"https:\/\/knappteich.de\/wp-content\/uploads\/2022\/10\/20221015_Herbstputz-I-07.jpg 1024w, https:\/\/knappteich.de\/wp-content\/uploads\/2022\/10\/20221015_Herbstputz-I-07-287x300.jpg 287w, https:\/\/knappteich.de\/wp-content\/uploads\/2022\/10\/20221015_Herbstputz-I-07-981x1024.jpg 981w, https:\/\/knappteich.de\/wp-content\/uploads\/2022\/10\/20221015_Herbstputz-I-07-768x802.jpg 768w\" sizes=\"auto, (max-width: 1024px) 100vw, 1024px\" \/><\/a><figcaption>St\u00e4rkung mit Gem\u00fcsesuppe<\/figcaption><\/figure>\n<\/figure>\n\n\n\n<p>Im B\u00fcrgergarten wurden die Beete abgeerntet und teilweise winterfest gemacht. Die Apfelernte fiel gut aus und die \u00c4pfel &#8211; Sorte Ontario &#8211; kamen ins Lager oder gleich auf den Tisch zum Verzehr. In der Mittagspause st\u00e4rkten wir uns mit Gem\u00fcsesuppe aus dem eigenen Garten. <\/p>\n\n\n\n<p>Vielen Dank an alle Mitmacher. Uns hat es wieder mal Spass gemacht und Antrieb f\u00fcr weitere Aktivit\u00e4ten gegeben. Vielleicht sieht man sich bei <a href=\"https:\/\/knappteich.de\/index.php\/2022\/10\/08\/halloween-am-knappteich\/\" data-type=\"post\" data-id=\"4125\">Halloween<\/a> gleich mal wieder.<\/p>\n","protected":false},"excerpt":{"rendered":"<p>Der erste Teil des Herbstputzes &#8211; dies Jahr Mitte Oktober &#8211; fand mit 15 Mitmachern bei anf\u00e4nglich regnerischem Wetter statt. Laub wurde in den Laubkomposter gesammelt und die Weidenb\u00e4ume wurden entlang der Wege um einige Zweige und \u00c4ste gestutzt. Die &hellip; <a href=\"https:\/\/knappteich.de\/index.php\/2022\/10\/15\/herbstputz-2022-teil-i\/\">Weiterlesen <span class=\"meta-nav\">&rarr;<\/span><\/a><\/p>\n","protected":false},"author":3,"featured_media":0,"comment_status":"closed","ping_status":"closed","sticky":false,"template":"","format":"standard","meta":{"footnotes":""},"categories":[3],"tags":[],"class_list":["post-4140","post","type-post","status-publish","format-standard","hentry","category-archiv"],"_links":{"self":[{"href":"https:\/\/knappteich.de\/index.php\/wp-json\/wp\/v2\/posts\/4140","targetHints":{"allow":["GET"]}}],"collection":[{"href":"https:\/\/knappteich.de\/index.php\/wp-json\/wp\/v2\/posts"}],"about":[{"href":"https:\/\/knappteich.de\/index.php\/wp-json\/wp\/v2\/types\/post"}],"author":[{"embeddable":true,"href":"https:\/\/knappteich.de\/index.php\/wp-json\/wp\/v2\/users\/3"}],"replies":[{"embeddable":true,"href":"https:\/\/knappteich.de\/index.php\/wp-json\/wp\/v2\/comments?post=4140"}],"version-history":[{"count":2,"href":"https:\/\/knappteich.de\/index.php\/wp-json\/wp\/v2\/posts\/4140\/revisions"}],"predecessor-version":[{"id":4149,"href":"https:\/\/knappteich.de\/index.php\/wp-json\/wp\/v2\/posts\/4140\/revisions\/4149"}],"wp:attachment":[{"href":"https:\/\/knappteich.de\/index.php\/wp-json\/wp\/v2\/media?parent=4140"}],"wp:term":[{"taxonomy":"category","embeddable":true,"href":"https:\/\/knappteich.de\/index.php\/wp-json\/wp\/v2\/categories?post=4140"},{"taxonomy":"post_tag","embeddable":true,"href":"https:\/\/knappteich.de\/index.php\/wp-json\/wp\/v2\/tags?post=4140"}],"curies":[{"name":"wp","href":"https:\/\/api.w.org\/{rel}","templated":true}]}}