{"id":4039,"date":"2022-08-15T21:00:36","date_gmt":"2022-08-15T19:00:36","guid":{"rendered":"https:\/\/knappteich.de\/?p=4039"},"modified":"2023-10-11T13:13:27","modified_gmt":"2023-10-11T11:13:27","slug":"waschbaeren-am-knappteich","status":"publish","type":"post","link":"https:\/\/knappteich.de\/index.php\/2022\/08\/15\/waschbaeren-am-knappteich\/","title":{"rendered":"Waschb\u00e4ren am Knappteich"},"content":{"rendered":"\n<p>Im Juni konnten wir die ersten Spuren am Einlauf des Knappteiches feststellen, die uns vermuten lie\u00dfen, das es Waschb\u00e4ren am Teich gibt. Wie die an den Teich kommen war uns lange r\u00e4tselhaft. Erst im August sind uns dann diese Beweisaufnahmen der Waschb\u00e4renfamilie gelungen. <\/p>\n\n\n\n<figure class=\"wp-block-gallery has-nested-images columns-default is-cropped wp-block-gallery-1 is-layout-flex wp-block-gallery-is-layout-flex\">\n<figure class=\"wp-block-image size-large\"><a href=\"https:\/\/knappteich.de\/wp-content\/uploads\/2022\/09\/IMG_20220901_212022_559.jpg\"><img loading=\"lazy\" decoding=\"async\" width=\"960\" height=\"1280\" data-id=\"4038\" src=\"https:\/\/knappteich.de\/wp-content\/uploads\/2022\/09\/IMG_20220901_212022_559.jpg\" alt=\"\" class=\"wp-image-4038\" srcset=\"https:\/\/knappteich.de\/wp-content\/uploads\/2022\/09\/IMG_20220901_212022_559.jpg 960w, https:\/\/knappteich.de\/wp-content\/uploads\/2022\/09\/IMG_20220901_212022_559-225x300.jpg 225w, https:\/\/knappteich.de\/wp-content\/uploads\/2022\/09\/IMG_20220901_212022_559-768x1024.jpg 768w\" sizes=\"auto, (max-width: 960px) 100vw, 960px\" \/><\/a><figcaption class=\"wp-element-caption\">Spuren der Waschb\u00e4ren<\/figcaption><\/figure>\n\n\n\n<figure class=\"wp-block-image size-large\"><a href=\"https:\/\/knappteich.de\/wp-content\/uploads\/2022\/09\/Waschbaeren_03.jpg\"><img loading=\"lazy\" decoding=\"async\" width=\"1280\" height=\"1122\" data-id=\"4036\" src=\"https:\/\/knappteich.de\/wp-content\/uploads\/2022\/09\/Waschbaeren_03.jpg\" alt=\"\" class=\"wp-image-4036\" srcset=\"https:\/\/knappteich.de\/wp-content\/uploads\/2022\/09\/Waschbaeren_03.jpg 1280w, https:\/\/knappteich.de\/wp-content\/uploads\/2022\/09\/Waschbaeren_03-300x263.jpg 300w, https:\/\/knappteich.de\/wp-content\/uploads\/2022\/09\/Waschbaeren_03-1024x898.jpg 1024w, https:\/\/knappteich.de\/wp-content\/uploads\/2022\/09\/Waschbaeren_03-768x673.jpg 768w, https:\/\/knappteich.de\/wp-content\/uploads\/2022\/09\/Waschbaeren_03-342x300.jpg 342w\" sizes=\"auto, (max-width: 1280px) 100vw, 1280px\" \/><\/a><figcaption class=\"wp-element-caption\">Nachtaufnahme<\/figcaption><\/figure>\n\n\n\n<figure class=\"wp-block-image size-large\"><a href=\"https:\/\/knappteich.de\/wp-content\/uploads\/2022\/09\/Waschbaeren_02.jpg\"><img loading=\"lazy\" decoding=\"async\" width=\"1280\" height=\"1047\" data-id=\"4035\" src=\"https:\/\/knappteich.de\/wp-content\/uploads\/2022\/09\/Waschbaeren_02.jpg\" alt=\"\" class=\"wp-image-4035\" srcset=\"https:\/\/knappteich.de\/wp-content\/uploads\/2022\/09\/Waschbaeren_02.jpg 1280w, https:\/\/knappteich.de\/wp-content\/uploads\/2022\/09\/Waschbaeren_02-300x245.jpg 300w, https:\/\/knappteich.de\/wp-content\/uploads\/2022\/09\/Waschbaeren_02-1024x838.jpg 1024w, https:\/\/knappteich.de\/wp-content\/uploads\/2022\/09\/Waschbaeren_02-768x628.jpg 768w, https:\/\/knappteich.de\/wp-content\/uploads\/2022\/09\/Waschbaeren_02-367x300.jpg 367w\" sizes=\"auto, (max-width: 1280px) 100vw, 1280px\" \/><\/a><figcaption class=\"wp-element-caption\">Nachtaufnahme<\/figcaption><\/figure>\n\n\n\n<figure class=\"wp-block-image size-large is-style-default\"><a href=\"https:\/\/knappteich.de\/wp-content\/uploads\/2022\/09\/Waschbaeren_01.jpg\"><img loading=\"lazy\" decoding=\"async\" width=\"1024\" height=\"799\" data-id=\"4034\" src=\"https:\/\/knappteich.de\/wp-content\/uploads\/2022\/09\/Waschbaeren_01-1024x799.jpg\" alt=\"\" class=\"wp-image-4034\" srcset=\"https:\/\/knappteich.de\/wp-content\/uploads\/2022\/09\/Waschbaeren_01-1024x799.jpg 1024w, https:\/\/knappteich.de\/wp-content\/uploads\/2022\/09\/Waschbaeren_01-300x234.jpg 300w, https:\/\/knappteich.de\/wp-content\/uploads\/2022\/09\/Waschbaeren_01-768x599.jpg 768w, https:\/\/knappteich.de\/wp-content\/uploads\/2022\/09\/Waschbaeren_01-384x300.jpg 384w, https:\/\/knappteich.de\/wp-content\/uploads\/2022\/09\/Waschbaeren_01.jpg 1280w\" sizes=\"auto, (max-width: 1024px) 100vw, 1024px\" \/><\/a><figcaption class=\"wp-element-caption\">Tags darauf<\/figcaption><\/figure>\n<\/figure>\n\n\n\n<p>Tja niedlich sind sie schon, aber in unsere Breiten geh\u00f6ren sie nicht. Empfehlungen zum Umgang mit den Tieren und zur Gefahrenabwehr findet Ihr auf folgenden Seiten:<br><a rel=\"noreferrer noopener\" href=\"https:\/\/publikationen.sachsen.de\/bdb\/artikel\/28613\" target=\"_blank\">https:\/\/publikationen.sachsen.de\/bdb\/artikel\/28613<\/a><br><a rel=\"noreferrer noopener\" href=\"https:\/\/www.nabu.de\/tiere-und-pflanzen\/saeugetiere\/sonstige-saeugetiere\/18751.html\" target=\"_blank\">https:\/\/www.nabu.de\/tiere-und-pflanzen\/saeugetiere\/sonstige-saeugetiere\/18751.html<\/a><br><a rel=\"noreferrer noopener\" href=\"https:\/\/www.umweltbundesamt.de\/waschbaer#alternative-bekampfungsmassnahmen\" target=\"_blank\">https:\/\/www.umweltbundesamt.de\/waschbaer#alternative-bekampfungsmassnahmen<\/a><br><a rel=\"noreferrer noopener\" href=\"https:\/\/www.bund.net\/bund-tipps\/detail-tipps\/tip\/unser-tipp-im-juli-zorro-auf-dem-vormarsch\/\" target=\"_blank\">https:\/\/www.bund.net\/bund-tipps\/detail-tipps\/tip\/unser-tipp-im-juli-zorro-auf-dem-vormarsch\/<\/a><\/p>\n\n\n\n<p><a rel=\"noreferrer noopener\" href=\"https:\/\/knappteich.de\/wp-content\/uploads\/2022\/09\/Waschbaeren_8-13-2022.mp4\" target=\"_blank\">Hier findet Ihr ein Video<\/a> zu den Waschb\u00e4ren am Knappteich. <\/p>\n\n\n\n<p>Wir haben den Fall zur Anzeige gebracht und hoffen, das der Stadtj\u00e4ger mal Zeit hat.<\/p>\n","protected":false},"excerpt":{"rendered":"<p>Im Juni konnten wir die ersten Spuren am Einlauf des Knappteiches feststellen, die uns vermuten lie\u00dfen, das es Waschb\u00e4ren am Teich gibt. Wie die an den Teich kommen war uns lange r\u00e4tselhaft. Erst im August sind uns dann diese Beweisaufnahmen &hellip; <a href=\"https:\/\/knappteich.de\/index.php\/2022\/08\/15\/waschbaeren-am-knappteich\/\">Weiterlesen <span class=\"meta-nav\">&rarr;<\/span><\/a><\/p>\n","protected":false},"author":3,"featured_media":0,"comment_status":"closed","ping_status":"closed","sticky":false,"template":"","format":"gallery","meta":{"footnotes":""},"categories":[3],"tags":[],"class_list":["post-4039","post","type-post","status-publish","format-gallery","hentry","category-archiv","post_format-post-format-gallery"],"_links":{"self":[{"href":"https:\/\/knappteich.de\/index.php\/wp-json\/wp\/v2\/posts\/4039","targetHints":{"allow":["GET"]}}],"collection":[{"href":"https:\/\/knappteich.de\/index.php\/wp-json\/wp\/v2\/posts"}],"about":[{"href":"https:\/\/knappteich.de\/index.php\/wp-json\/wp\/v2\/types\/post"}],"author":[{"embeddable":true,"href":"https:\/\/knappteich.de\/index.php\/wp-json\/wp\/v2\/users\/3"}],"replies":[{"embeddable":true,"href":"https:\/\/knappteich.de\/index.php\/wp-json\/wp\/v2\/comments?post=4039"}],"version-history":[{"count":4,"href":"https:\/\/knappteich.de\/index.php\/wp-json\/wp\/v2\/posts\/4039\/revisions"}],"predecessor-version":[{"id":4612,"href":"https:\/\/knappteich.de\/index.php\/wp-json\/wp\/v2\/posts\/4039\/revisions\/4612"}],"wp:attachment":[{"href":"https:\/\/knappteich.de\/index.php\/wp-json\/wp\/v2\/media?parent=4039"}],"wp:term":[{"taxonomy":"category","embeddable":true,"href":"https:\/\/knappteich.de\/index.php\/wp-json\/wp\/v2\/categories?post=4039"},{"taxonomy":"post_tag","embeddable":true,"href":"https:\/\/knappteich.de\/index.php\/wp-json\/wp\/v2\/tags?post=4039"}],"curies":[{"name":"wp","href":"https:\/\/api.w.org\/{rel}","templated":true}]}}