{"id":4015,"date":"2022-05-20T17:04:14","date_gmt":"2022-05-20T15:04:14","guid":{"rendered":"https:\/\/knappteich.de\/?p=4015"},"modified":"2023-01-01T16:45:51","modified_gmt":"2023-01-01T15:45:51","slug":"freie-presse-viele-knoedel-zersetzen-den-schlamm","status":"publish","type":"post","link":"https:\/\/knappteich.de\/index.php\/2022\/05\/20\/freie-presse-viele-knoedel-zersetzen-den-schlamm\/","title":{"rendered":"Freie Presse &#8211; Viele Kn\u00f6del zersetzen den Schlamm"},"content":{"rendered":"\n<p>Jetzt haben wir es mit den EM-Kn\u00f6deln f\u00fcr die <a href=\"https:\/\/knappteich.de\/index.php\/2022\/05\/03\/gewaessersanierung-das-3-jahr\/\" data-type=\"post\" data-id=\"3969\">Gew\u00e4ssersanierung<\/a> sogar bis in die Zeitung geschafft. Die <a rel=\"noreferrer noopener\" href=\"https:\/\/www.freiepresse.de\/chemnitz\/viele-knoedel-zersetzen-schlamm-artikel12188749\" data-type=\"URL\" data-id=\"https:\/\/www.freiepresse.de\/chemnitz\/viele-knoedel-zersetzen-schlamm-artikel12188749\" target=\"_blank\">Freie Presse berichtete am 19. Mai<\/a> dar\u00fcber. Wir hoffen viele Interessierte am 28. Mai beim Reinschmei\u00dfen der EM-Kn\u00f6del in den Teich begr\u00fc\u00dfen zu k\u00f6nnen, damit jeder einen kleinen Beitrag f\u00fcr den Erhalt eines gesunden Knappteiches mit beitragen kann.<\/p>\n\n\n\n<figure class=\"wp-block-image size-large\"><a href=\"https:\/\/knappteich.de\/wp-content\/uploads\/2022\/05\/20220531_FP-22-05-19_Knoedel-schlamm_01.jpg\"><img loading=\"lazy\" decoding=\"async\" width=\"744\" height=\"1024\" src=\"https:\/\/knappteich.de\/wp-content\/uploads\/2022\/05\/20220531_FP-22-05-19_Knoedel-schlamm_01-744x1024.jpg\" alt=\"\" class=\"wp-image-4024\" srcset=\"https:\/\/knappteich.de\/wp-content\/uploads\/2022\/05\/20220531_FP-22-05-19_Knoedel-schlamm_01-744x1024.jpg 744w, https:\/\/knappteich.de\/wp-content\/uploads\/2022\/05\/20220531_FP-22-05-19_Knoedel-schlamm_01-218x300.jpg 218w, https:\/\/knappteich.de\/wp-content\/uploads\/2022\/05\/20220531_FP-22-05-19_Knoedel-schlamm_01-768x1057.jpg 768w, https:\/\/knappteich.de\/wp-content\/uploads\/2022\/05\/20220531_FP-22-05-19_Knoedel-schlamm_01.jpg 1024w\" sizes=\"auto, (max-width: 744px) 100vw, 744px\" \/><\/a><\/figure>\n\n\n\n<p> <\/p>\n","protected":false},"excerpt":{"rendered":"<p>Jetzt haben wir es mit den EM-Kn\u00f6deln f\u00fcr die Gew\u00e4ssersanierung sogar bis in die Zeitung geschafft. Die Freie Presse berichtete am 19. Mai dar\u00fcber. Wir hoffen viele Interessierte am 28. Mai beim Reinschmei\u00dfen der EM-Kn\u00f6del in den Teich begr\u00fc\u00dfen zu &hellip; <a href=\"https:\/\/knappteich.de\/index.php\/2022\/05\/20\/freie-presse-viele-knoedel-zersetzen-den-schlamm\/\">Weiterlesen <span class=\"meta-nav\">&rarr;<\/span><\/a><\/p>\n","protected":false},"author":3,"featured_media":0,"comment_status":"closed","ping_status":"closed","sticky":false,"template":"","format":"standard","meta":{"footnotes":""},"categories":[3],"tags":[],"class_list":["post-4015","post","type-post","status-publish","format-standard","hentry","category-archiv"],"_links":{"self":[{"href":"https:\/\/knappteich.de\/index.php\/wp-json\/wp\/v2\/posts\/4015","targetHints":{"allow":["GET"]}}],"collection":[{"href":"https:\/\/knappteich.de\/index.php\/wp-json\/wp\/v2\/posts"}],"about":[{"href":"https:\/\/knappteich.de\/index.php\/wp-json\/wp\/v2\/types\/post"}],"author":[{"embeddable":true,"href":"https:\/\/knappteich.de\/index.php\/wp-json\/wp\/v2\/users\/3"}],"replies":[{"embeddable":true,"href":"https:\/\/knappteich.de\/index.php\/wp-json\/wp\/v2\/comments?post=4015"}],"version-history":[{"count":2,"href":"https:\/\/knappteich.de\/index.php\/wp-json\/wp\/v2\/posts\/4015\/revisions"}],"predecessor-version":[{"id":4025,"href":"https:\/\/knappteich.de\/index.php\/wp-json\/wp\/v2\/posts\/4015\/revisions\/4025"}],"wp:attachment":[{"href":"https:\/\/knappteich.de\/index.php\/wp-json\/wp\/v2\/media?parent=4015"}],"wp:term":[{"taxonomy":"category","embeddable":true,"href":"https:\/\/knappteich.de\/index.php\/wp-json\/wp\/v2\/categories?post=4015"},{"taxonomy":"post_tag","embeddable":true,"href":"https:\/\/knappteich.de\/index.php\/wp-json\/wp\/v2\/tags?post=4015"}],"curies":[{"name":"wp","href":"https:\/\/api.w.org\/{rel}","templated":true}]}}