{"id":3812,"date":"2021-09-25T21:38:02","date_gmt":"2021-09-25T19:38:02","guid":{"rendered":"https:\/\/knappteich.de\/?p=3812"},"modified":"2022-01-09T18:52:18","modified_gmt":"2022-01-09T17:52:18","slug":"uwe-am-knappteich","status":"publish","type":"post","link":"https:\/\/knappteich.de\/index.php\/2021\/09\/25\/uwe-am-knappteich\/","title":{"rendered":"Uwe am Knappteich"},"content":{"rendered":"\n<p>Eine der letzten Aktionen, bei denen uns Uwe tatkr\u00e4ftig geholfen hat war die <a href=\"https:\/\/knappteich.de\/index.php\/2021\/06\/20\/streichtag-am-knappteich\/\" data-type=\"post\" data-id=\"3678\">Streichaktion<\/a> unserer Holzwand am Werkstattcontainer &#8211; hier im Bild. Er hat sich r\u00fchrig um den Bereich der Essbaren Stadt bei den Sitzb\u00e4nken am Knappteich gek\u00fcmmert und diese mit einem Kr\u00e4uterbeet, einer Pallettenbank, einem Barfusspfad und verschiedenen Pflanzen versch\u00f6nert. Die Gr\u00e4ser und Pilze hatten es ihm dabei am meisten angetan. Bei Pilzen kannte er sich am besten aus. Auch beim M\u00e4hen der Rasenfl\u00e4chen oder dem Bergen von Totholz aus dem Teich packte er mit an. Schwierig erwiesen sich dagegen manchmal die Diskussionen zu dem was alles gemacht werden kann \/ darf und mu\u00df. Dabei war es nicht immer einfach auf einen gemeinsamen Nenner zu kommen, doch meist einigten wir uns. <\/p>\n\n\n\n<p>Am <a href=\"https:\/\/knappteich.de\/index.php\/2021\/08\/15\/unfall-mit-todesfolge-am-knappteich\/\" data-type=\"post\" data-id=\"3769\">12.08.2021<\/a> ist Uwe leider Opfer seines eigenen Tatendrangs geworden. Nachdem er in den Teich gestiegen war und die Baumbr\u00fcche bei der Insel inspiziert hatte, wollte er zur\u00fcckschwimmen und ist dabei verungl\u00fcckt und untergegangen. Viele die ihn kannten, haben ihm zur Errinnerung und zum Gedenken Lichter, Blumen und Bilder am Knappteich aufgestellt.     <\/p>\n\n\n\n<figure class=\"wp-block-gallery aligncenter columns-3 is-cropped wp-block-gallery-1 is-layout-flex wp-block-gallery-is-layout-flex\"><ul class=\"blocks-gallery-grid\"><li class=\"blocks-gallery-item\"><figure><a href=\"https:\/\/knappteich.de\/wp-content\/uploads\/2021\/06\/20210619_KTG-Streichtag-01.jpg\"><img loading=\"lazy\" decoding=\"async\" width=\"871\" height=\"1024\" src=\"https:\/\/knappteich.de\/wp-content\/uploads\/2021\/06\/20210619_KTG-Streichtag-01-871x1024.jpg\" alt=\"\" data-id=\"3668\" data-full-url=\"https:\/\/knappteich.de\/wp-content\/uploads\/2021\/06\/20210619_KTG-Streichtag-01.jpg\" data-link=\"https:\/\/knappteich.de\/20210619_ktg-streichtag-01\/\" class=\"wp-image-3668\" srcset=\"https:\/\/knappteich.de\/wp-content\/uploads\/2021\/06\/20210619_KTG-Streichtag-01-871x1024.jpg 871w, https:\/\/knappteich.de\/wp-content\/uploads\/2021\/06\/20210619_KTG-Streichtag-01-255x300.jpg 255w, https:\/\/knappteich.de\/wp-content\/uploads\/2021\/06\/20210619_KTG-Streichtag-01-768x903.jpg 768w, https:\/\/knappteich.de\/wp-content\/uploads\/2021\/06\/20210619_KTG-Streichtag-01.jpg 1024w\" sizes=\"auto, (max-width: 871px) 100vw, 871px\" \/><\/a><\/figure><\/li><li class=\"blocks-gallery-item\"><figure><a href=\"https:\/\/knappteich.de\/wp-content\/uploads\/2021\/11\/20210830_Uwe-Gedaechtnis_02.jpg\"><img loading=\"lazy\" decoding=\"async\" width=\"640\" height=\"969\" src=\"https:\/\/knappteich.de\/wp-content\/uploads\/2021\/11\/20210830_Uwe-Gedaechtnis_02.jpg\" alt=\"\" data-id=\"3810\" data-full-url=\"https:\/\/knappteich.de\/wp-content\/uploads\/2021\/11\/20210830_Uwe-Gedaechtnis_02.jpg\" data-link=\"https:\/\/knappteich.de\/20210830_uwe-gedaechtnis_02\/\" class=\"wp-image-3810\" srcset=\"https:\/\/knappteich.de\/wp-content\/uploads\/2021\/11\/20210830_Uwe-Gedaechtnis_02.jpg 640w, https:\/\/knappteich.de\/wp-content\/uploads\/2021\/11\/20210830_Uwe-Gedaechtnis_02-198x300.jpg 198w\" sizes=\"auto, (max-width: 640px) 100vw, 640px\" \/><\/a><\/figure><\/li><li class=\"blocks-gallery-item\"><figure><a href=\"https:\/\/knappteich.de\/wp-content\/uploads\/2021\/11\/20210830_Uwe-Gedaechtnis_01.jpg\"><img loading=\"lazy\" decoding=\"async\" width=\"576\" height=\"1024\" src=\"https:\/\/knappteich.de\/wp-content\/uploads\/2021\/11\/20210830_Uwe-Gedaechtnis_01-576x1024.jpg\" alt=\"\" data-id=\"3809\" data-full-url=\"https:\/\/knappteich.de\/wp-content\/uploads\/2021\/11\/20210830_Uwe-Gedaechtnis_01.jpg\" data-link=\"https:\/\/knappteich.de\/20210830_uwe-gedaechtnis_01\/\" class=\"wp-image-3809\" srcset=\"https:\/\/knappteich.de\/wp-content\/uploads\/2021\/11\/20210830_Uwe-Gedaechtnis_01-576x1024.jpg 576w, https:\/\/knappteich.de\/wp-content\/uploads\/2021\/11\/20210830_Uwe-Gedaechtnis_01-169x300.jpg 169w, https:\/\/knappteich.de\/wp-content\/uploads\/2021\/11\/20210830_Uwe-Gedaechtnis_01-768x1365.jpg 768w, https:\/\/knappteich.de\/wp-content\/uploads\/2021\/11\/20210830_Uwe-Gedaechtnis_01.jpg 800w\" sizes=\"auto, (max-width: 576px) 100vw, 576px\" \/><\/a><\/figure><\/li><li class=\"blocks-gallery-item\"><figure><a href=\"https:\/\/knappteich.de\/wp-content\/uploads\/2021\/11\/IMG_20211005_185203_933.jpg\"><img loading=\"lazy\" decoding=\"async\" width=\"1024\" height=\"461\" src=\"https:\/\/knappteich.de\/wp-content\/uploads\/2021\/11\/IMG_20211005_185203_933-1024x461.jpg\" alt=\"\" data-id=\"3808\" data-full-url=\"https:\/\/knappteich.de\/wp-content\/uploads\/2021\/11\/IMG_20211005_185203_933.jpg\" data-link=\"https:\/\/knappteich.de\/img_20211005_185203_933\/\" class=\"wp-image-3808\" srcset=\"https:\/\/knappteich.de\/wp-content\/uploads\/2021\/11\/IMG_20211005_185203_933-1024x461.jpg 1024w, https:\/\/knappteich.de\/wp-content\/uploads\/2021\/11\/IMG_20211005_185203_933-300x135.jpg 300w, https:\/\/knappteich.de\/wp-content\/uploads\/2021\/11\/IMG_20211005_185203_933-768x346.jpg 768w, https:\/\/knappteich.de\/wp-content\/uploads\/2021\/11\/IMG_20211005_185203_933-500x225.jpg 500w, https:\/\/knappteich.de\/wp-content\/uploads\/2021\/11\/IMG_20211005_185203_933.jpg 1280w\" sizes=\"auto, (max-width: 1024px) 100vw, 1024px\" \/><\/a><\/figure><\/li><\/ul><\/figure>\n\n\n\n<p>Uwe war ein sehr umtriebiger und unruhiger Zeitgenosse, der immer wieder neue Ideen hatte und nie mit den Vorschl\u00e4gen anderer kritiklos umging. Es gab weniges, dass er kommentarlos hinnahm und manchmal waren seine Kommentare nicht der besten Wortwahl entsprungen, so dass es Vielen schwer fiel sich mit ihm zu arrangieren. Der Knappteich war einer seiner letzten R\u00fcckzugsorte, an denen er sich selbst verwirklichen konnte. Wir hoffen, das Uwe an seiner letzten Ruhest\u00e4tte den Frieden finden wird, den er f\u00fcr sich zu Lebzeiten auf Erden immer gesucht hat.  <\/p>\n","protected":false},"excerpt":{"rendered":"<p>Eine der letzten Aktionen, bei denen uns Uwe tatkr\u00e4ftig geholfen hat war die Streichaktion unserer Holzwand am Werkstattcontainer &#8211; hier im Bild. Er hat sich r\u00fchrig um den Bereich der Essbaren Stadt bei den Sitzb\u00e4nken am Knappteich gek\u00fcmmert und diese &hellip; <a href=\"https:\/\/knappteich.de\/index.php\/2021\/09\/25\/uwe-am-knappteich\/\">Weiterlesen <span class=\"meta-nav\">&rarr;<\/span><\/a><\/p>\n","protected":false},"author":3,"featured_media":0,"comment_status":"closed","ping_status":"closed","sticky":false,"template":"","format":"standard","meta":{"footnotes":""},"categories":[3],"tags":[],"class_list":["post-3812","post","type-post","status-publish","format-standard","hentry","category-archiv"],"_links":{"self":[{"href":"https:\/\/knappteich.de\/index.php\/wp-json\/wp\/v2\/posts\/3812","targetHints":{"allow":["GET"]}}],"collection":[{"href":"https:\/\/knappteich.de\/index.php\/wp-json\/wp\/v2\/posts"}],"about":[{"href":"https:\/\/knappteich.de\/index.php\/wp-json\/wp\/v2\/types\/post"}],"author":[{"embeddable":true,"href":"https:\/\/knappteich.de\/index.php\/wp-json\/wp\/v2\/users\/3"}],"replies":[{"embeddable":true,"href":"https:\/\/knappteich.de\/index.php\/wp-json\/wp\/v2\/comments?post=3812"}],"version-history":[{"count":2,"href":"https:\/\/knappteich.de\/index.php\/wp-json\/wp\/v2\/posts\/3812\/revisions"}],"predecessor-version":[{"id":3814,"href":"https:\/\/knappteich.de\/index.php\/wp-json\/wp\/v2\/posts\/3812\/revisions\/3814"}],"wp:attachment":[{"href":"https:\/\/knappteich.de\/index.php\/wp-json\/wp\/v2\/media?parent=3812"}],"wp:term":[{"taxonomy":"category","embeddable":true,"href":"https:\/\/knappteich.de\/index.php\/wp-json\/wp\/v2\/categories?post=3812"},{"taxonomy":"post_tag","embeddable":true,"href":"https:\/\/knappteich.de\/index.php\/wp-json\/wp\/v2\/tags?post=3812"}],"curies":[{"name":"wp","href":"https:\/\/api.w.org\/{rel}","templated":true}]}}