{"id":3752,"date":"2021-08-07T13:24:39","date_gmt":"2021-08-07T11:24:39","guid":{"rendered":"https:\/\/knappteich.de\/?p=3752"},"modified":"2022-01-09T18:51:37","modified_gmt":"2022-01-09T17:51:37","slug":"baumbruch-nr-5","status":"publish","type":"post","link":"https:\/\/knappteich.de\/index.php\/2021\/08\/07\/baumbruch-nr-5\/","title":{"rendered":"Baumbruch Nr. 5"},"content":{"rendered":"\n<p>Langsam wird es gruselig &#8230; Baumbruch Nr. 4 und 5 sind jetzt auch schon im Wasser gelandet. Das Alter der B\u00e4ume und die trockenen Sommer der vergangenen Jahre zeigen am Knappteich ihre Wirkung. <\/p>\n\n\n\n<figure class=\"wp-block-image size-large\"><a href=\"https:\/\/knappteich.de\/wp-content\/uploads\/2021\/11\/20210807_Baumbruch-der-fuenfte.jpg\"><img loading=\"lazy\" decoding=\"async\" width=\"1024\" height=\"753\" src=\"https:\/\/knappteich.de\/wp-content\/uploads\/2021\/11\/20210807_Baumbruch-der-fuenfte-1024x753.jpg\" alt=\"\" class=\"wp-image-3754\" srcset=\"https:\/\/knappteich.de\/wp-content\/uploads\/2021\/11\/20210807_Baumbruch-der-fuenfte-1024x753.jpg 1024w, https:\/\/knappteich.de\/wp-content\/uploads\/2021\/11\/20210807_Baumbruch-der-fuenfte-300x221.jpg 300w, https:\/\/knappteich.de\/wp-content\/uploads\/2021\/11\/20210807_Baumbruch-der-fuenfte-768x565.jpg 768w, https:\/\/knappteich.de\/wp-content\/uploads\/2021\/11\/20210807_Baumbruch-der-fuenfte-1536x1130.jpg 1536w, https:\/\/knappteich.de\/wp-content\/uploads\/2021\/11\/20210807_Baumbruch-der-fuenfte-408x300.jpg 408w, https:\/\/knappteich.de\/wp-content\/uploads\/2021\/11\/20210807_Baumbruch-der-fuenfte.jpg 1710w\" sizes=\"auto, (max-width: 1024px) 100vw, 1024px\" \/><\/a><\/figure>\n\n\n\n<p>Da wir bis dato vom Gr\u00fcnfl\u00e4chenamt bez\u00fcglich der Totholzreduktion nur geringes Feedback  erhalten haben, machen wir uns jetzt selbst auf den L\u00f6sungsweg. <\/p>\n","protected":false},"excerpt":{"rendered":"<p>Langsam wird es gruselig &#8230; Baumbruch Nr. 4 und 5 sind jetzt auch schon im Wasser gelandet. Das Alter der B\u00e4ume und die trockenen Sommer der vergangenen Jahre zeigen am Knappteich ihre Wirkung. Da wir bis dato vom Gr\u00fcnfl\u00e4chenamt bez\u00fcglich &hellip; <a href=\"https:\/\/knappteich.de\/index.php\/2021\/08\/07\/baumbruch-nr-5\/\">Weiterlesen <span class=\"meta-nav\">&rarr;<\/span><\/a><\/p>\n","protected":false},"author":3,"featured_media":0,"comment_status":"closed","ping_status":"closed","sticky":false,"template":"","format":"standard","meta":{"footnotes":""},"categories":[3],"tags":[],"class_list":["post-3752","post","type-post","status-publish","format-standard","hentry","category-archiv"],"_links":{"self":[{"href":"https:\/\/knappteich.de\/index.php\/wp-json\/wp\/v2\/posts\/3752","targetHints":{"allow":["GET"]}}],"collection":[{"href":"https:\/\/knappteich.de\/index.php\/wp-json\/wp\/v2\/posts"}],"about":[{"href":"https:\/\/knappteich.de\/index.php\/wp-json\/wp\/v2\/types\/post"}],"author":[{"embeddable":true,"href":"https:\/\/knappteich.de\/index.php\/wp-json\/wp\/v2\/users\/3"}],"replies":[{"embeddable":true,"href":"https:\/\/knappteich.de\/index.php\/wp-json\/wp\/v2\/comments?post=3752"}],"version-history":[{"count":2,"href":"https:\/\/knappteich.de\/index.php\/wp-json\/wp\/v2\/posts\/3752\/revisions"}],"predecessor-version":[{"id":3755,"href":"https:\/\/knappteich.de\/index.php\/wp-json\/wp\/v2\/posts\/3752\/revisions\/3755"}],"wp:attachment":[{"href":"https:\/\/knappteich.de\/index.php\/wp-json\/wp\/v2\/media?parent=3752"}],"wp:term":[{"taxonomy":"category","embeddable":true,"href":"https:\/\/knappteich.de\/index.php\/wp-json\/wp\/v2\/categories?post=3752"},{"taxonomy":"post_tag","embeddable":true,"href":"https:\/\/knappteich.de\/index.php\/wp-json\/wp\/v2\/tags?post=3752"}],"curies":[{"name":"wp","href":"https:\/\/api.w.org\/{rel}","templated":true}]}}