{"id":368,"date":"2015-09-17T07:15:53","date_gmt":"2015-09-17T05:15:53","guid":{"rendered":"https:\/\/knappteich.de\/?p=368"},"modified":"2015-11-26T17:32:01","modified_gmt":"2015-11-26T16:32:01","slug":"zaun-und-sturmbaum","status":"publish","type":"post","link":"https:\/\/knappteich.de\/index.php\/2015\/09\/17\/zaun-und-sturmbaum\/","title":{"rendered":"Zaun und Sturmbaum"},"content":{"rendered":"<p>Nach dem Freischnitt der Hecken an der Kreuzung zum Kleingarten ist nun auch der Zaun dahin abgeschlossen. Nur noch die L\u00fccke zum Knappteich, wo ein Zufahrtstor entstehen soll ist noch offen. Zwischenzeitlich hat auch die Fachfirma die umgest\u00fcrtze Weide gef\u00e4llt und den Gro\u00dfteil entsorgt. F\u00fcr unser Projekt wurden 3 Baumst\u00e4mme zurechtges\u00e4gt.<\/p>\n<p><a href=\"https:\/\/knappteich.de\/wp-content\/uploads\/2015\/10\/Zaun_Sep.jpg\"><img loading=\"lazy\" decoding=\"async\" class=\"alignnone size-medium wp-image-369 img-responsive\" src=\"https:\/\/knappteich.de\/wp-content\/uploads\/2015\/10\/Zaun_Sep-300x225.jpg\" alt=\"Zaun_Sep\" width=\"300\" height=\"225\" srcset=\"https:\/\/knappteich.de\/wp-content\/uploads\/2015\/10\/Zaun_Sep-300x225.jpg 300w, https:\/\/knappteich.de\/wp-content\/uploads\/2015\/10\/Zaun_Sep.jpg 360w\" sizes=\"auto, (max-width: 300px) 100vw, 300px\" \/><\/a>\u00a0\u00a0 <a href=\"https:\/\/knappteich.de\/wp-content\/uploads\/2015\/10\/Zaun_Sep2.jpg\"><img loading=\"lazy\" decoding=\"async\" class=\"alignnone size-medium wp-image-370 img-responsive\" src=\"https:\/\/knappteich.de\/wp-content\/uploads\/2015\/10\/Zaun_Sep2-300x225.jpg\" alt=\"Zaun_Sep2\" width=\"300\" height=\"225\" srcset=\"https:\/\/knappteich.de\/wp-content\/uploads\/2015\/10\/Zaun_Sep2-300x225.jpg 300w, https:\/\/knappteich.de\/wp-content\/uploads\/2015\/10\/Zaun_Sep2.jpg 360w\" sizes=\"auto, (max-width: 300px) 100vw, 300px\" \/><\/a><a href=\"https:\/\/knappteich.de\/wp-content\/uploads\/2015\/10\/Weide_Sturm1.jpg\">\u00a0 <img loading=\"lazy\" decoding=\"async\" class=\"alignnone size-medium wp-image-371 img-responsive\" src=\"https:\/\/knappteich.de\/wp-content\/uploads\/2015\/10\/Weide_Sturm1-300x225.jpg\" alt=\"Weide_Sturm1\" width=\"300\" height=\"225\" srcset=\"https:\/\/knappteich.de\/wp-content\/uploads\/2015\/10\/Weide_Sturm1-300x225.jpg 300w, https:\/\/knappteich.de\/wp-content\/uploads\/2015\/10\/Weide_Sturm1.jpg 615w\" sizes=\"auto, (max-width: 300px) 100vw, 300px\" \/><\/a>\u00a0\u00a0 <a href=\"https:\/\/knappteich.de\/wp-content\/uploads\/2015\/10\/Weide_Sturm2.jpg\"><img loading=\"lazy\" decoding=\"async\" class=\"alignnone size-medium wp-image-372 img-responsive\" src=\"https:\/\/knappteich.de\/wp-content\/uploads\/2015\/10\/Weide_Sturm2-300x225.jpg\" alt=\"Weide_Sturm2\" width=\"300\" height=\"225\" srcset=\"https:\/\/knappteich.de\/wp-content\/uploads\/2015\/10\/Weide_Sturm2-300x225.jpg 300w, https:\/\/knappteich.de\/wp-content\/uploads\/2015\/10\/Weide_Sturm2.jpg 615w\" sizes=\"auto, (max-width: 300px) 100vw, 300px\" \/><\/a><\/p>\n","protected":false},"excerpt":{"rendered":"<p>Nach dem Freischnitt der Hecken an der Kreuzung zum Kleingarten ist nun auch der Zaun dahin abgeschlossen. Nur noch die L\u00fccke zum Knappteich, wo ein Zufahrtstor entstehen soll ist noch offen. Zwischenzeitlich hat auch die Fachfirma die umgest\u00fcrtze Weide gef\u00e4llt &hellip; <a href=\"https:\/\/knappteich.de\/index.php\/2015\/09\/17\/zaun-und-sturmbaum\/\">Weiterlesen <span class=\"meta-nav\">&rarr;<\/span><\/a><\/p>\n","protected":false},"author":8,"featured_media":0,"comment_status":"closed","ping_status":"closed","sticky":false,"template":"","format":"standard","meta":{"footnotes":""},"categories":[3],"tags":[],"class_list":["post-368","post","type-post","status-publish","format-standard","hentry","category-archiv"],"_links":{"self":[{"href":"https:\/\/knappteich.de\/index.php\/wp-json\/wp\/v2\/posts\/368","targetHints":{"allow":["GET"]}}],"collection":[{"href":"https:\/\/knappteich.de\/index.php\/wp-json\/wp\/v2\/posts"}],"about":[{"href":"https:\/\/knappteich.de\/index.php\/wp-json\/wp\/v2\/types\/post"}],"author":[{"embeddable":true,"href":"https:\/\/knappteich.de\/index.php\/wp-json\/wp\/v2\/users\/8"}],"replies":[{"embeddable":true,"href":"https:\/\/knappteich.de\/index.php\/wp-json\/wp\/v2\/comments?post=368"}],"version-history":[{"count":2,"href":"https:\/\/knappteich.de\/index.php\/wp-json\/wp\/v2\/posts\/368\/revisions"}],"predecessor-version":[{"id":374,"href":"https:\/\/knappteich.de\/index.php\/wp-json\/wp\/v2\/posts\/368\/revisions\/374"}],"wp:attachment":[{"href":"https:\/\/knappteich.de\/index.php\/wp-json\/wp\/v2\/media?parent=368"}],"wp:term":[{"taxonomy":"category","embeddable":true,"href":"https:\/\/knappteich.de\/index.php\/wp-json\/wp\/v2\/categories?post=368"},{"taxonomy":"post_tag","embeddable":true,"href":"https:\/\/knappteich.de\/index.php\/wp-json\/wp\/v2\/tags?post=368"}],"curies":[{"name":"wp","href":"https:\/\/api.w.org\/{rel}","templated":true}]}}