{"id":3678,"date":"2021-06-20T19:47:19","date_gmt":"2021-06-20T17:47:19","guid":{"rendered":"https:\/\/knappteich.de\/?p=3678"},"modified":"2021-11-19T22:26:05","modified_gmt":"2021-11-19T21:26:05","slug":"streichtag-am-knappteich","status":"publish","type":"post","link":"https:\/\/knappteich.de\/index.php\/2021\/06\/20\/streichtag-am-knappteich\/","title":{"rendered":"Streichtag am Knappteich"},"content":{"rendered":"\n<p>Das war ein hei\u00dfes Wochenende. Bei 30\u00b0C im Schatten haben wir uns am Sonnabend vor der Sommersonnenwende daran gemacht unseren h\u00f6lzernen Aufbauten einen neuen Anstrich zu verpassen. Einerseits der Farbe wegen, andererseits um sie haltbarer zu machen. Der Anfang wurde mit dem Zaun zum Gartenweg gemacht und dann wurde die Holzverschalung am Container neu gestrichen.<\/p>\n\n\n\n<figure class=\"wp-block-gallery columns-3 is-cropped wp-block-gallery-1 is-layout-flex wp-block-gallery-is-layout-flex\"><ul class=\"blocks-gallery-grid\"><li class=\"blocks-gallery-item\"><figure><a href=\"https:\/\/knappteich.de\/wp-content\/uploads\/2021\/06\/20210619_KTG-Streichtag.jpg\"><img loading=\"lazy\" decoding=\"async\" width=\"651\" height=\"1024\" src=\"https:\/\/knappteich.de\/wp-content\/uploads\/2021\/06\/20210619_KTG-Streichtag-651x1024.jpg\" alt=\"\" data-id=\"3670\" data-full-url=\"https:\/\/knappteich.de\/wp-content\/uploads\/2021\/06\/20210619_KTG-Streichtag.jpg\" data-link=\"https:\/\/knappteich.de\/20210619_ktg-streichtag\/\" class=\"wp-image-3670\" srcset=\"https:\/\/knappteich.de\/wp-content\/uploads\/2021\/06\/20210619_KTG-Streichtag-651x1024.jpg 651w, https:\/\/knappteich.de\/wp-content\/uploads\/2021\/06\/20210619_KTG-Streichtag-191x300.jpg 191w, https:\/\/knappteich.de\/wp-content\/uploads\/2021\/06\/20210619_KTG-Streichtag-768x1209.jpg 768w, https:\/\/knappteich.de\/wp-content\/uploads\/2021\/06\/20210619_KTG-Streichtag.jpg 800w\" sizes=\"auto, (max-width: 651px) 100vw, 651px\" \/><\/a><\/figure><\/li><li class=\"blocks-gallery-item\"><figure><a href=\"https:\/\/knappteich.de\/wp-content\/uploads\/2021\/06\/20210619_KTG-Streichtag-01.jpg\"><img loading=\"lazy\" decoding=\"async\" width=\"871\" height=\"1024\" src=\"https:\/\/knappteich.de\/wp-content\/uploads\/2021\/06\/20210619_KTG-Streichtag-01-871x1024.jpg\" alt=\"\" data-id=\"3668\" data-full-url=\"https:\/\/knappteich.de\/wp-content\/uploads\/2021\/06\/20210619_KTG-Streichtag-01.jpg\" data-link=\"https:\/\/knappteich.de\/20210619_ktg-streichtag-01\/\" class=\"wp-image-3668\" srcset=\"https:\/\/knappteich.de\/wp-content\/uploads\/2021\/06\/20210619_KTG-Streichtag-01-871x1024.jpg 871w, https:\/\/knappteich.de\/wp-content\/uploads\/2021\/06\/20210619_KTG-Streichtag-01-255x300.jpg 255w, https:\/\/knappteich.de\/wp-content\/uploads\/2021\/06\/20210619_KTG-Streichtag-01-768x903.jpg 768w, https:\/\/knappteich.de\/wp-content\/uploads\/2021\/06\/20210619_KTG-Streichtag-01.jpg 1024w\" sizes=\"auto, (max-width: 871px) 100vw, 871px\" \/><\/a><\/figure><\/li><li class=\"blocks-gallery-item\"><figure><a href=\"https:\/\/knappteich.de\/wp-content\/uploads\/2021\/06\/20210619_KTG-Streichtag-02.jpg\"><img loading=\"lazy\" decoding=\"async\" width=\"1024\" height=\"736\" src=\"https:\/\/knappteich.de\/wp-content\/uploads\/2021\/06\/20210619_KTG-Streichtag-02.jpg\" alt=\"\" data-id=\"3669\" data-full-url=\"https:\/\/knappteich.de\/wp-content\/uploads\/2021\/06\/20210619_KTG-Streichtag-02.jpg\" data-link=\"https:\/\/knappteich.de\/20210619_ktg-streichtag-02\/\" class=\"wp-image-3669\" srcset=\"https:\/\/knappteich.de\/wp-content\/uploads\/2021\/06\/20210619_KTG-Streichtag-02.jpg 1024w, https:\/\/knappteich.de\/wp-content\/uploads\/2021\/06\/20210619_KTG-Streichtag-02-300x216.jpg 300w, https:\/\/knappteich.de\/wp-content\/uploads\/2021\/06\/20210619_KTG-Streichtag-02-768x552.jpg 768w, https:\/\/knappteich.de\/wp-content\/uploads\/2021\/06\/20210619_KTG-Streichtag-02-417x300.jpg 417w\" sizes=\"auto, (max-width: 1024px) 100vw, 1024px\" \/><\/a><\/figure><\/li><\/ul><\/figure>\n\n\n\n<p>Nach getaner Arbeit lie\u00df es sich ganz gem\u00fctlich \u00fcber den Teich schippern. Die Verdunstungsk\u00e4lte machte das etwas angenehmer. <br>Der Dank f\u00fcrs tatkr\u00e4ftige Mitwirken geht an J\u00fcrgen, Oliver, Ralf, Uwe und Thomas.<\/p>\n","protected":false},"excerpt":{"rendered":"<p>Das war ein hei\u00dfes Wochenende. Bei 30\u00b0C im Schatten haben wir uns am Sonnabend vor der Sommersonnenwende daran gemacht unseren h\u00f6lzernen Aufbauten einen neuen Anstrich zu verpassen. Einerseits der Farbe wegen, andererseits um sie haltbarer zu machen. Der Anfang wurde &hellip; <a href=\"https:\/\/knappteich.de\/index.php\/2021\/06\/20\/streichtag-am-knappteich\/\">Weiterlesen <span class=\"meta-nav\">&rarr;<\/span><\/a><\/p>\n","protected":false},"author":3,"featured_media":0,"comment_status":"closed","ping_status":"closed","sticky":false,"template":"","format":"standard","meta":{"footnotes":""},"categories":[3],"tags":[],"class_list":["post-3678","post","type-post","status-publish","format-standard","hentry","category-archiv"],"_links":{"self":[{"href":"https:\/\/knappteich.de\/index.php\/wp-json\/wp\/v2\/posts\/3678","targetHints":{"allow":["GET"]}}],"collection":[{"href":"https:\/\/knappteich.de\/index.php\/wp-json\/wp\/v2\/posts"}],"about":[{"href":"https:\/\/knappteich.de\/index.php\/wp-json\/wp\/v2\/types\/post"}],"author":[{"embeddable":true,"href":"https:\/\/knappteich.de\/index.php\/wp-json\/wp\/v2\/users\/3"}],"replies":[{"embeddable":true,"href":"https:\/\/knappteich.de\/index.php\/wp-json\/wp\/v2\/comments?post=3678"}],"version-history":[{"count":2,"href":"https:\/\/knappteich.de\/index.php\/wp-json\/wp\/v2\/posts\/3678\/revisions"}],"predecessor-version":[{"id":3680,"href":"https:\/\/knappteich.de\/index.php\/wp-json\/wp\/v2\/posts\/3678\/revisions\/3680"}],"wp:attachment":[{"href":"https:\/\/knappteich.de\/index.php\/wp-json\/wp\/v2\/media?parent=3678"}],"wp:term":[{"taxonomy":"category","embeddable":true,"href":"https:\/\/knappteich.de\/index.php\/wp-json\/wp\/v2\/categories?post=3678"},{"taxonomy":"post_tag","embeddable":true,"href":"https:\/\/knappteich.de\/index.php\/wp-json\/wp\/v2\/tags?post=3678"}],"curies":[{"name":"wp","href":"https:\/\/api.w.org\/{rel}","templated":true}]}}