{"id":3531,"date":"2021-04-01T15:59:23","date_gmt":"2021-04-01T13:59:23","guid":{"rendered":"https:\/\/knappteich.de\/?p=3531"},"modified":"2021-11-10T13:02:32","modified_gmt":"2021-11-10T12:02:32","slug":"erneut-weide-weg-am-teich","status":"publish","type":"post","link":"https:\/\/knappteich.de\/index.php\/2021\/04\/01\/erneut-weide-weg-am-teich\/","title":{"rendered":"Erneut Weide weg am Teich"},"content":{"rendered":"\n<p>Da die Weiden schon erhebliche<a href=\"https:\/\/knappteich.de\/index.php\/2020\/08\/20\/baumbruch-am-knappteich\/\" data-type=\"post\" data-id=\"3354\"> Alterserscheinungen<\/a> zeigen und eine m\u00f6gliche Trockenheit in diesem Jahr wieder zu <a href=\"https:\/\/knappteich.de\/index.php\/2020\/08\/20\/baumbruch-am-knappteich\/\" data-type=\"post\" data-id=\"3354\">Baumbruch am Knappteich<\/a> f\u00fchren kann, wurde eine Weide am Hauptweg durch die Stadt entfernt. Ein R\u00fcckschnitt auf 4 m H\u00f6he h\u00e4tte es wahrscheinlich auch erst einmal getan, doch hier hat man sich ohne R\u00fccksprache mit uns f\u00fcr den kompletten R\u00fcckschnitt entschieden.<\/p>\n\n\n\n<figure class=\"wp-block-gallery columns-2 is-cropped wp-block-gallery-1 is-layout-flex wp-block-gallery-is-layout-flex\"><ul class=\"blocks-gallery-grid\"><li class=\"blocks-gallery-item\"><figure><img loading=\"lazy\" decoding=\"async\" width=\"1024\" height=\"768\" src=\"https:\/\/knappteich.de\/wp-content\/uploads\/2021\/04\/210402_Weide-weg-01-1024x768.jpg\" alt=\"\" data-id=\"3522\" data-full-url=\"https:\/\/knappteich.de\/wp-content\/uploads\/2021\/04\/210402_Weide-weg-01.jpg\" data-link=\"https:\/\/knappteich.de\/210402_weide-weg-01\/\" class=\"wp-image-3522\" srcset=\"https:\/\/knappteich.de\/wp-content\/uploads\/2021\/04\/210402_Weide-weg-01-1024x768.jpg 1024w, https:\/\/knappteich.de\/wp-content\/uploads\/2021\/04\/210402_Weide-weg-01-300x225.jpg 300w, https:\/\/knappteich.de\/wp-content\/uploads\/2021\/04\/210402_Weide-weg-01-768x576.jpg 768w, https:\/\/knappteich.de\/wp-content\/uploads\/2021\/04\/210402_Weide-weg-01-400x300.jpg 400w, https:\/\/knappteich.de\/wp-content\/uploads\/2021\/04\/210402_Weide-weg-01.jpg 1280w\" sizes=\"auto, (max-width: 1024px) 100vw, 1024px\" \/><\/figure><\/li><li class=\"blocks-gallery-item\"><figure><img loading=\"lazy\" decoding=\"async\" width=\"1024\" height=\"768\" src=\"https:\/\/knappteich.de\/wp-content\/uploads\/2021\/04\/210402_Weide-weg-1024x768.jpg\" alt=\"\" data-id=\"3521\" data-full-url=\"https:\/\/knappteich.de\/wp-content\/uploads\/2021\/04\/210402_Weide-weg.jpg\" data-link=\"https:\/\/knappteich.de\/210402_weide-weg\/\" class=\"wp-image-3521\" srcset=\"https:\/\/knappteich.de\/wp-content\/uploads\/2021\/04\/210402_Weide-weg-1024x768.jpg 1024w, https:\/\/knappteich.de\/wp-content\/uploads\/2021\/04\/210402_Weide-weg-300x225.jpg 300w, https:\/\/knappteich.de\/wp-content\/uploads\/2021\/04\/210402_Weide-weg-768x576.jpg 768w, https:\/\/knappteich.de\/wp-content\/uploads\/2021\/04\/210402_Weide-weg-400x300.jpg 400w, https:\/\/knappteich.de\/wp-content\/uploads\/2021\/04\/210402_Weide-weg.jpg 1280w\" sizes=\"auto, (max-width: 1024px) 100vw, 1024px\" \/><\/figure><\/li><\/ul><\/figure>\n","protected":false},"excerpt":{"rendered":"<p>Da die Weiden schon erhebliche Alterserscheinungen zeigen und eine m\u00f6gliche Trockenheit in diesem Jahr wieder zu Baumbruch am Knappteich f\u00fchren kann, wurde eine Weide am Hauptweg durch die Stadt entfernt. Ein R\u00fcckschnitt auf 4 m H\u00f6he h\u00e4tte es wahrscheinlich auch &hellip; <a href=\"https:\/\/knappteich.de\/index.php\/2021\/04\/01\/erneut-weide-weg-am-teich\/\">Weiterlesen <span class=\"meta-nav\">&rarr;<\/span><\/a><\/p>\n","protected":false},"author":3,"featured_media":0,"comment_status":"closed","ping_status":"closed","sticky":false,"template":"","format":"standard","meta":{"footnotes":""},"categories":[3],"tags":[],"class_list":["post-3531","post","type-post","status-publish","format-standard","hentry","category-archiv"],"_links":{"self":[{"href":"https:\/\/knappteich.de\/index.php\/wp-json\/wp\/v2\/posts\/3531","targetHints":{"allow":["GET"]}}],"collection":[{"href":"https:\/\/knappteich.de\/index.php\/wp-json\/wp\/v2\/posts"}],"about":[{"href":"https:\/\/knappteich.de\/index.php\/wp-json\/wp\/v2\/types\/post"}],"author":[{"embeddable":true,"href":"https:\/\/knappteich.de\/index.php\/wp-json\/wp\/v2\/users\/3"}],"replies":[{"embeddable":true,"href":"https:\/\/knappteich.de\/index.php\/wp-json\/wp\/v2\/comments?post=3531"}],"version-history":[{"count":1,"href":"https:\/\/knappteich.de\/index.php\/wp-json\/wp\/v2\/posts\/3531\/revisions"}],"predecessor-version":[{"id":3532,"href":"https:\/\/knappteich.de\/index.php\/wp-json\/wp\/v2\/posts\/3531\/revisions\/3532"}],"wp:attachment":[{"href":"https:\/\/knappteich.de\/index.php\/wp-json\/wp\/v2\/media?parent=3531"}],"wp:term":[{"taxonomy":"category","embeddable":true,"href":"https:\/\/knappteich.de\/index.php\/wp-json\/wp\/v2\/categories?post=3531"},{"taxonomy":"post_tag","embeddable":true,"href":"https:\/\/knappteich.de\/index.php\/wp-json\/wp\/v2\/tags?post=3531"}],"curies":[{"name":"wp","href":"https:\/\/api.w.org\/{rel}","templated":true}]}}