{"id":3326,"date":"2020-07-18T17:15:47","date_gmt":"2020-07-18T15:15:47","guid":{"rendered":"https:\/\/knappteich.de\/?p=3326"},"modified":"2020-11-03T09:23:45","modified_gmt":"2020-11-03T08:23:45","slug":"astbruch-am-knappteich","status":"publish","type":"post","link":"https:\/\/knappteich.de\/index.php\/2020\/07\/18\/astbruch-am-knappteich\/","title":{"rendered":"Astbruch am Knappteich"},"content":{"rendered":"\n<p>In der Nacht zum 16.07. ist ein gr\u00f6\u00dferer Ast von einer Weide im Bereich des Zulaufes in den Knappteich abgebrochen. Laut Ohrenzeugen: &#8222;Es gab ein Knarzen und dann einen Krach, das wir dachten der ganze Baum sei ins Wasser gest\u00fcrzt.&#8220;<\/p>\n\n\n\n<figure class=\"wp-block-gallery columns-2 is-cropped wp-block-gallery-1 is-layout-flex wp-block-gallery-is-layout-flex\"><ul class=\"blocks-gallery-grid\"><li class=\"blocks-gallery-item\"><figure><img loading=\"lazy\" decoding=\"async\" width=\"1024\" height=\"591\" src=\"https:\/\/knappteich.de\/wp-content\/uploads\/2020\/08\/20200716_Astabbruch.jpg\" alt=\"\" data-id=\"3324\" data-full-url=\"https:\/\/knappteich.de\/wp-content\/uploads\/2020\/08\/20200716_Astabbruch.jpg\" data-link=\"https:\/\/knappteich.de\/20200716_astabbruch\/\" class=\"wp-image-3324\" srcset=\"https:\/\/knappteich.de\/wp-content\/uploads\/2020\/08\/20200716_Astabbruch.jpg 1024w, https:\/\/knappteich.de\/wp-content\/uploads\/2020\/08\/20200716_Astabbruch-300x173.jpg 300w, https:\/\/knappteich.de\/wp-content\/uploads\/2020\/08\/20200716_Astabbruch-768x443.jpg 768w, https:\/\/knappteich.de\/wp-content\/uploads\/2020\/08\/20200716_Astabbruch-500x289.jpg 500w\" sizes=\"auto, (max-width: 1024px) 100vw, 1024px\" \/><\/figure><\/li><li class=\"blocks-gallery-item\"><figure><img loading=\"lazy\" decoding=\"async\" width=\"1024\" height=\"730\" src=\"https:\/\/knappteich.de\/wp-content\/uploads\/2020\/08\/20200716_Astabbruch-01.jpg\" alt=\"\" data-id=\"3325\" data-full-url=\"https:\/\/knappteich.de\/wp-content\/uploads\/2020\/08\/20200716_Astabbruch-01.jpg\" data-link=\"https:\/\/knappteich.de\/20200716_astabbruch-01\/\" class=\"wp-image-3325\" srcset=\"https:\/\/knappteich.de\/wp-content\/uploads\/2020\/08\/20200716_Astabbruch-01.jpg 1024w, https:\/\/knappteich.de\/wp-content\/uploads\/2020\/08\/20200716_Astabbruch-01-300x214.jpg 300w, https:\/\/knappteich.de\/wp-content\/uploads\/2020\/08\/20200716_Astabbruch-01-768x548.jpg 768w, https:\/\/knappteich.de\/wp-content\/uploads\/2020\/08\/20200716_Astabbruch-01-421x300.jpg 421w\" sizes=\"auto, (max-width: 1024px) 100vw, 1024px\" \/><\/figure><\/li><\/ul><\/figure>\n\n\n\n<p>Wir haben das Gr\u00fcnfl\u00e4chenamt \u00fcber diesen Vorfall informiert. Da der Ast aber keine Gefahr im Verzug darstellt, wird die Beseitigung etwas dauern. Wir hoffen das der Ast noch im Sommer herausgehoben wird, da er ansosnten ein Quelle f\u00fcr F\u00e4ulnis und somit f\u00fcr Wasserverschlechterung darstellt.<\/p>\n","protected":false},"excerpt":{"rendered":"<p>In der Nacht zum 16.07. ist ein gr\u00f6\u00dferer Ast von einer Weide im Bereich des Zulaufes in den Knappteich abgebrochen. Laut Ohrenzeugen: &#8222;Es gab ein Knarzen und dann einen Krach, das wir dachten der ganze Baum sei ins Wasser gest\u00fcrzt.&#8220; &hellip; <a href=\"https:\/\/knappteich.de\/index.php\/2020\/07\/18\/astbruch-am-knappteich\/\">Weiterlesen <span class=\"meta-nav\">&rarr;<\/span><\/a><\/p>\n","protected":false},"author":3,"featured_media":0,"comment_status":"closed","ping_status":"closed","sticky":false,"template":"","format":"standard","meta":{"footnotes":""},"categories":[3],"tags":[],"class_list":["post-3326","post","type-post","status-publish","format-standard","hentry","category-archiv"],"_links":{"self":[{"href":"https:\/\/knappteich.de\/index.php\/wp-json\/wp\/v2\/posts\/3326","targetHints":{"allow":["GET"]}}],"collection":[{"href":"https:\/\/knappteich.de\/index.php\/wp-json\/wp\/v2\/posts"}],"about":[{"href":"https:\/\/knappteich.de\/index.php\/wp-json\/wp\/v2\/types\/post"}],"author":[{"embeddable":true,"href":"https:\/\/knappteich.de\/index.php\/wp-json\/wp\/v2\/users\/3"}],"replies":[{"embeddable":true,"href":"https:\/\/knappteich.de\/index.php\/wp-json\/wp\/v2\/comments?post=3326"}],"version-history":[{"count":1,"href":"https:\/\/knappteich.de\/index.php\/wp-json\/wp\/v2\/posts\/3326\/revisions"}],"predecessor-version":[{"id":3327,"href":"https:\/\/knappteich.de\/index.php\/wp-json\/wp\/v2\/posts\/3326\/revisions\/3327"}],"wp:attachment":[{"href":"https:\/\/knappteich.de\/index.php\/wp-json\/wp\/v2\/media?parent=3326"}],"wp:term":[{"taxonomy":"category","embeddable":true,"href":"https:\/\/knappteich.de\/index.php\/wp-json\/wp\/v2\/categories?post=3326"},{"taxonomy":"post_tag","embeddable":true,"href":"https:\/\/knappteich.de\/index.php\/wp-json\/wp\/v2\/tags?post=3326"}],"curies":[{"name":"wp","href":"https:\/\/api.w.org\/{rel}","templated":true}]}}