{"id":3273,"date":"2020-06-26T15:28:45","date_gmt":"2020-06-26T13:28:45","guid":{"rendered":"https:\/\/knappteich.de\/?p=3273"},"modified":"2020-11-03T09:23:07","modified_gmt":"2020-11-03T08:23:07","slug":"bluehwiesen-in-chemnitz","status":"publish","type":"post","link":"https:\/\/knappteich.de\/index.php\/2020\/06\/26\/bluehwiesen-in-chemnitz\/","title":{"rendered":"Bl\u00fchwiesen in Chemnitz"},"content":{"rendered":"\n<p>Um im st\u00e4dtischen Raum wieder mehr Pflanzen- und Insektenarten anzusiedeln und um den vorhandenen Insekten Raum f\u00fcr Ihre Vermehrung und Weiterentwicklung zu geben hat sich der <a rel=\"noreferrer noopener\" aria-label=\"Saatgutgarten (\u00f6ffnet in neuem Tab)\" href=\"http:\/\/58695674.swh.strato-hosting.eu\/Startseite\/\" target=\"_blank\">Saatgutgarten<\/a> &#8211; ein Projekt des Nachhall e.V &#8211; neben der eigentlichen Saatgutgewinnung nun verst\u00e4rkt dem Aufbau und der Pflege von Bl\u00fchwiesen gewidmet. Diese Arbeiten werden in einem hohen Ma\u00dfe durch ehrenamtliche T\u00e4tigkeiten durchgef\u00fchrt und unterst\u00fctzt. <br>Am 25. Juni wurde im Rahmen eines VHS-Workshops anhand der <a href=\"http:\/\/www.reitbahnviertel.de\/2020\/05\/29\/bluehwieseannenplatz\/\" target=\"_blank\" rel=\"noreferrer noopener\" aria-label=\"Bl\u00fchwiese am Annenplatz (\u00f6ffnet in neuem Tab)\">Bl\u00fchwiese am Annenplatz<\/a> der Aufbau und die Pflege einer solchen Wiese vorgestellt und mit interessierten B\u00fcrgern diskutiert. Wir von &#8222;Unser Knappteich&#8220; haben uns aktiv mit eingebracht.<\/p>\n\n\n\n<figure class=\"wp-block-gallery columns-2 is-cropped wp-block-gallery-1 is-layout-flex wp-block-gallery-is-layout-flex\"><ul class=\"blocks-gallery-grid\"><li class=\"blocks-gallery-item\"><figure><img loading=\"lazy\" decoding=\"async\" width=\"1024\" height=\"673\" src=\"https:\/\/knappteich.de\/wp-content\/uploads\/2020\/07\/20200625_Bl\u00fchwiese-Annenplatz-03.jpg\" alt=\"\" data-id=\"3271\" data-full-url=\"https:\/\/knappteich.de\/wp-content\/uploads\/2020\/07\/20200625_Bl\u00fchwiese-Annenplatz-03.jpg\" data-link=\"https:\/\/knappteich.de\/20200625_bluehwiese-annenplatz-03\/\" class=\"wp-image-3271\" srcset=\"https:\/\/knappteich.de\/wp-content\/uploads\/2020\/07\/20200625_Bl\u00fchwiese-Annenplatz-03.jpg 1024w, https:\/\/knappteich.de\/wp-content\/uploads\/2020\/07\/20200625_Bl\u00fchwiese-Annenplatz-03-300x197.jpg 300w, https:\/\/knappteich.de\/wp-content\/uploads\/2020\/07\/20200625_Bl\u00fchwiese-Annenplatz-03-768x505.jpg 768w, https:\/\/knappteich.de\/wp-content\/uploads\/2020\/07\/20200625_Bl\u00fchwiese-Annenplatz-03-456x300.jpg 456w\" sizes=\"auto, (max-width: 1024px) 100vw, 1024px\" \/><figcaption class=\"blocks-gallery-item__caption\">Workshopteilnehmer<\/figcaption><\/figure><\/li><li class=\"blocks-gallery-item\"><figure><img loading=\"lazy\" decoding=\"async\" width=\"1024\" height=\"598\" src=\"https:\/\/knappteich.de\/wp-content\/uploads\/2020\/07\/20200625_Bl\u00fchwiese-Annenplatz-02.jpg\" alt=\"\" data-id=\"3270\" data-full-url=\"https:\/\/knappteich.de\/wp-content\/uploads\/2020\/07\/20200625_Bl\u00fchwiese-Annenplatz-02.jpg\" data-link=\"https:\/\/knappteich.de\/20200625_bluehwiese-annenplatz-02\/\" class=\"wp-image-3270\" srcset=\"https:\/\/knappteich.de\/wp-content\/uploads\/2020\/07\/20200625_Bl\u00fchwiese-Annenplatz-02.jpg 1024w, https:\/\/knappteich.de\/wp-content\/uploads\/2020\/07\/20200625_Bl\u00fchwiese-Annenplatz-02-300x175.jpg 300w, https:\/\/knappteich.de\/wp-content\/uploads\/2020\/07\/20200625_Bl\u00fchwiese-Annenplatz-02-768x449.jpg 768w, https:\/\/knappteich.de\/wp-content\/uploads\/2020\/07\/20200625_Bl\u00fchwiese-Annenplatz-02-500x292.jpg 500w\" sizes=\"auto, (max-width: 1024px) 100vw, 1024px\" \/><figcaption class=\"blocks-gallery-item__caption\">Blick in die Wiese<\/figcaption><\/figure><\/li><li class=\"blocks-gallery-item\"><figure><img loading=\"lazy\" decoding=\"async\" width=\"1024\" height=\"287\" src=\"https:\/\/knappteich.de\/wp-content\/uploads\/2020\/07\/20200625_Bl\u00fchwiese-Annenplatz-01-1024x287.jpg\" alt=\"\" data-id=\"3269\" data-full-url=\"https:\/\/knappteich.de\/wp-content\/uploads\/2020\/07\/20200625_Bl\u00fchwiese-Annenplatz-01.jpg\" data-link=\"https:\/\/knappteich.de\/20200625_bluehwiese-annenplatz-01\/\" class=\"wp-image-3269\" srcset=\"https:\/\/knappteich.de\/wp-content\/uploads\/2020\/07\/20200625_Bl\u00fchwiese-Annenplatz-01-1024x287.jpg 1024w, https:\/\/knappteich.de\/wp-content\/uploads\/2020\/07\/20200625_Bl\u00fchwiese-Annenplatz-01-300x84.jpg 300w, https:\/\/knappteich.de\/wp-content\/uploads\/2020\/07\/20200625_Bl\u00fchwiese-Annenplatz-01-768x215.jpg 768w, https:\/\/knappteich.de\/wp-content\/uploads\/2020\/07\/20200625_Bl\u00fchwiese-Annenplatz-01-500x140.jpg 500w, https:\/\/knappteich.de\/wp-content\/uploads\/2020\/07\/20200625_Bl\u00fchwiese-Annenplatz-01.jpg 1280w\" sizes=\"auto, (max-width: 1024px) 100vw, 1024px\" \/><\/figure><\/li><\/ul><\/figure>\n\n\n\n<p>Der Saatgutgarten betreut momentan mehrere Fl\u00e4chen in Chemnitz aktiv und bietet allen Interessenten, die Saatgut f\u00fcr nat\u00fcrliche Bl\u00fchwiesen ben\u00f6tigen seine Kooperation an. Direkte Ansprache kann am besten per Mail \u00fcber  <strong>saatgutgarten-nachhall@web.de<\/strong> erfolgen. Oder Ihr schaut bei einem der Tage der offenen T\u00fcr vorbei.<\/p>\n\n\n\n<figure class=\"wp-block-image size-large\"><img loading=\"lazy\" decoding=\"async\" width=\"1024\" height=\"715\" src=\"https:\/\/knappteich.de\/wp-content\/uploads\/2020\/07\/Saatgutgarten-TOFT-1024x715.jpg\" alt=\"\" class=\"wp-image-3294\" srcset=\"https:\/\/knappteich.de\/wp-content\/uploads\/2020\/07\/Saatgutgarten-TOFT-1024x715.jpg 1024w, https:\/\/knappteich.de\/wp-content\/uploads\/2020\/07\/Saatgutgarten-TOFT-300x209.jpg 300w, https:\/\/knappteich.de\/wp-content\/uploads\/2020\/07\/Saatgutgarten-TOFT-768x536.jpg 768w, https:\/\/knappteich.de\/wp-content\/uploads\/2020\/07\/Saatgutgarten-TOFT-430x300.jpg 430w, https:\/\/knappteich.de\/wp-content\/uploads\/2020\/07\/Saatgutgarten-TOFT.jpg 1465w\" sizes=\"auto, (max-width: 1024px) 100vw, 1024px\" \/><\/figure>\n\n\n\n<p> &#8222;Unser Knappteich&#8220; findet die Aktion toll und wird das Projekt Saatgutgarten aktiv unterst\u00fctzen.  <\/p>\n","protected":false},"excerpt":{"rendered":"<p>Um im st\u00e4dtischen Raum wieder mehr Pflanzen- und Insektenarten anzusiedeln und um den vorhandenen Insekten Raum f\u00fcr Ihre Vermehrung und Weiterentwicklung zu geben hat sich der Saatgutgarten &#8211; ein Projekt des Nachhall e.V &#8211; neben der eigentlichen Saatgutgewinnung nun verst\u00e4rkt &hellip; <a href=\"https:\/\/knappteich.de\/index.php\/2020\/06\/26\/bluehwiesen-in-chemnitz\/\">Weiterlesen <span class=\"meta-nav\">&rarr;<\/span><\/a><\/p>\n","protected":false},"author":3,"featured_media":0,"comment_status":"closed","ping_status":"closed","sticky":false,"template":"","format":"standard","meta":{"footnotes":""},"categories":[3],"tags":[],"class_list":["post-3273","post","type-post","status-publish","format-standard","hentry","category-archiv"],"_links":{"self":[{"href":"https:\/\/knappteich.de\/index.php\/wp-json\/wp\/v2\/posts\/3273","targetHints":{"allow":["GET"]}}],"collection":[{"href":"https:\/\/knappteich.de\/index.php\/wp-json\/wp\/v2\/posts"}],"about":[{"href":"https:\/\/knappteich.de\/index.php\/wp-json\/wp\/v2\/types\/post"}],"author":[{"embeddable":true,"href":"https:\/\/knappteich.de\/index.php\/wp-json\/wp\/v2\/users\/3"}],"replies":[{"embeddable":true,"href":"https:\/\/knappteich.de\/index.php\/wp-json\/wp\/v2\/comments?post=3273"}],"version-history":[{"count":2,"href":"https:\/\/knappteich.de\/index.php\/wp-json\/wp\/v2\/posts\/3273\/revisions"}],"predecessor-version":[{"id":3295,"href":"https:\/\/knappteich.de\/index.php\/wp-json\/wp\/v2\/posts\/3273\/revisions\/3295"}],"wp:attachment":[{"href":"https:\/\/knappteich.de\/index.php\/wp-json\/wp\/v2\/media?parent=3273"}],"wp:term":[{"taxonomy":"category","embeddable":true,"href":"https:\/\/knappteich.de\/index.php\/wp-json\/wp\/v2\/categories?post=3273"},{"taxonomy":"post_tag","embeddable":true,"href":"https:\/\/knappteich.de\/index.php\/wp-json\/wp\/v2\/tags?post=3273"}],"curies":[{"name":"wp","href":"https:\/\/api.w.org\/{rel}","templated":true}]}}