{"id":3138,"date":"2020-04-29T20:51:31","date_gmt":"2020-04-29T18:51:31","guid":{"rendered":"https:\/\/knappteich.de\/?p=3138"},"modified":"2020-07-13T14:56:33","modified_gmt":"2020-07-13T12:56:33","slug":"apfelbluete-und-tomatendach","status":"publish","type":"post","link":"https:\/\/knappteich.de\/index.php\/2020\/04\/29\/apfelbluete-und-tomatendach\/","title":{"rendered":"Apfelbl\u00fcte und Tomatendach"},"content":{"rendered":"\n<figure class=\"wp-block-gallery columns-3 is-cropped wp-block-gallery-1 is-layout-flex wp-block-gallery-is-layout-flex\"><ul class=\"blocks-gallery-grid\"><li class=\"blocks-gallery-item\"><figure><img loading=\"lazy\" decoding=\"async\" width=\"576\" height=\"1024\" src=\"https:\/\/knappteich.de\/wp-content\/uploads\/2020\/05\/20200429_Apfelbaum-Ontario-576x1024.jpg\" alt=\"\" data-id=\"3135\" data-full-url=\"https:\/\/knappteich.de\/wp-content\/uploads\/2020\/05\/20200429_Apfelbaum-Ontario.jpg\" data-link=\"https:\/\/knappteich.de\/20200429_apfelbaum-ontario\/\" class=\"wp-image-3135\" srcset=\"https:\/\/knappteich.de\/wp-content\/uploads\/2020\/05\/20200429_Apfelbaum-Ontario-576x1024.jpg 576w, https:\/\/knappteich.de\/wp-content\/uploads\/2020\/05\/20200429_Apfelbaum-Ontario-169x300.jpg 169w, https:\/\/knappteich.de\/wp-content\/uploads\/2020\/05\/20200429_Apfelbaum-Ontario-768x1365.jpg 768w, https:\/\/knappteich.de\/wp-content\/uploads\/2020\/05\/20200429_Apfelbaum-Ontario.jpg 800w\" sizes=\"auto, (max-width: 576px) 100vw, 576px\" \/><\/figure><\/li><li class=\"blocks-gallery-item\"><figure><img loading=\"lazy\" decoding=\"async\" width=\"1024\" height=\"877\" src=\"https:\/\/knappteich.de\/wp-content\/uploads\/2020\/05\/20200429_Apfelbaum-Ontario-1.jpg\" alt=\"\" data-id=\"3136\" data-full-url=\"https:\/\/knappteich.de\/wp-content\/uploads\/2020\/05\/20200429_Apfelbaum-Ontario-1.jpg\" data-link=\"https:\/\/knappteich.de\/20200429_apfelbaum-ontario-1\/\" class=\"wp-image-3136\" srcset=\"https:\/\/knappteich.de\/wp-content\/uploads\/2020\/05\/20200429_Apfelbaum-Ontario-1.jpg 1024w, https:\/\/knappteich.de\/wp-content\/uploads\/2020\/05\/20200429_Apfelbaum-Ontario-1-300x257.jpg 300w, https:\/\/knappteich.de\/wp-content\/uploads\/2020\/05\/20200429_Apfelbaum-Ontario-1-768x658.jpg 768w, https:\/\/knappteich.de\/wp-content\/uploads\/2020\/05\/20200429_Apfelbaum-Ontario-1-350x300.jpg 350w\" sizes=\"auto, (max-width: 1024px) 100vw, 1024px\" \/><\/figure><\/li><li class=\"blocks-gallery-item\"><figure><img loading=\"lazy\" decoding=\"async\" width=\"1024\" height=\"870\" src=\"https:\/\/knappteich.de\/wp-content\/uploads\/2020\/05\/20200429_Apfelbaum-Ontario-2.jpg\" alt=\"\" data-id=\"3137\" data-full-url=\"https:\/\/knappteich.de\/wp-content\/uploads\/2020\/05\/20200429_Apfelbaum-Ontario-2.jpg\" data-link=\"https:\/\/knappteich.de\/20200429_apfelbaum-ontario-2\/\" class=\"wp-image-3137\" srcset=\"https:\/\/knappteich.de\/wp-content\/uploads\/2020\/05\/20200429_Apfelbaum-Ontario-2.jpg 1024w, https:\/\/knappteich.de\/wp-content\/uploads\/2020\/05\/20200429_Apfelbaum-Ontario-2-300x255.jpg 300w, https:\/\/knappteich.de\/wp-content\/uploads\/2020\/05\/20200429_Apfelbaum-Ontario-2-768x653.jpg 768w, https:\/\/knappteich.de\/wp-content\/uploads\/2020\/05\/20200429_Apfelbaum-Ontario-2-353x300.jpg 353w\" sizes=\"auto, (max-width: 1024px) 100vw, 1024px\" \/><\/figure><\/li><\/ul><\/figure>\n\n\n\n<p>So sieht die Apfelbl\u00fcte des <a rel=\"noreferrer noopener\" aria-label=\"ONTARIO-Apfels (\u00f6ffnet in neuem Tab)\" href=\"http:\/\/www.obstsortendatenbank.de\/ontario_apfel.htm\" target=\"_blank\">ONTARIO-Apfels<\/a> im B\u00fcrgergarten am Knappteich aus, wenn sie voll ausgepr\u00e4gt ist. Bei sonnigem Wetter summt der ganze Baum. Die Anzahl der Bl\u00fcten und der Blick auf die n\u00e4chtlichen Temperaturen gibt uns Hoffnung auf eine reiche Ernte. <\/p>\n\n\n\n<p>Die Vorbereitungen f\u00fcr den Tomatenstandort sind auch schon angelaufen. Die jungen Pflanzen stehen schon bereit und k\u00f6nnen nach den <a href=\"https:\/\/de.wikipedia.org\/wiki\/Eisheilige\" target=\"_blank\" rel=\"noreferrer noopener\" aria-label=\"Eisheiligen (\u00f6ffnet in neuem Tab)\">Eisheiligen<\/a> in den Boden gebracht werden. Als Tomatenunterstand werden wir wie im vergangenen <a href=\"https:\/\/knappteich.de\/index.php\/2019\/04\/19\/alternatives-tomatendach-wir-bauen-es\/\">Jahr<\/a> auf eine Variante aus Weide und Bohnenpflanzen zur\u00fcckgreifen.  <\/p>\n\n\n\n<figure class=\"wp-block-gallery columns-3 is-cropped wp-block-gallery-2 is-layout-flex wp-block-gallery-is-layout-flex\"><ul class=\"blocks-gallery-grid\"><li class=\"blocks-gallery-item\"><figure><img loading=\"lazy\" decoding=\"async\" width=\"655\" height=\"1024\" src=\"https:\/\/knappteich.de\/wp-content\/uploads\/2020\/05\/20200429_Tomatendach-655x1024.jpg\" alt=\"\" data-id=\"3131\" data-full-url=\"https:\/\/knappteich.de\/wp-content\/uploads\/2020\/05\/20200429_Tomatendach.jpg\" data-link=\"https:\/\/knappteich.de\/20200429_tomatendach\/\" class=\"wp-image-3131\" srcset=\"https:\/\/knappteich.de\/wp-content\/uploads\/2020\/05\/20200429_Tomatendach-655x1024.jpg 655w, https:\/\/knappteich.de\/wp-content\/uploads\/2020\/05\/20200429_Tomatendach-192x300.jpg 192w, https:\/\/knappteich.de\/wp-content\/uploads\/2020\/05\/20200429_Tomatendach-768x1201.jpg 768w, https:\/\/knappteich.de\/wp-content\/uploads\/2020\/05\/20200429_Tomatendach.jpg 800w\" sizes=\"auto, (max-width: 655px) 100vw, 655px\" \/><figcaption class=\"blocks-gallery-item__caption\">Die Seitenteile stehen<\/figcaption><\/figure><\/li><li class=\"blocks-gallery-item\"><figure><img loading=\"lazy\" decoding=\"async\" width=\"548\" height=\"1024\" src=\"https:\/\/knappteich.de\/wp-content\/uploads\/2020\/05\/20200429_Tomatendach_1-548x1024.jpg\" alt=\"\" data-id=\"3132\" data-full-url=\"https:\/\/knappteich.de\/wp-content\/uploads\/2020\/05\/20200429_Tomatendach_1.jpg\" data-link=\"https:\/\/knappteich.de\/20200429_tomatendach_1\/\" class=\"wp-image-3132\" srcset=\"https:\/\/knappteich.de\/wp-content\/uploads\/2020\/05\/20200429_Tomatendach_1-548x1024.jpg 548w, https:\/\/knappteich.de\/wp-content\/uploads\/2020\/05\/20200429_Tomatendach_1-161x300.jpg 161w, https:\/\/knappteich.de\/wp-content\/uploads\/2020\/05\/20200429_Tomatendach_1-768x1435.jpg 768w, https:\/\/knappteich.de\/wp-content\/uploads\/2020\/05\/20200429_Tomatendach_1.jpg 800w\" sizes=\"auto, (max-width: 548px) 100vw, 548px\" \/><figcaption class=\"blocks-gallery-item__caption\">Querverbinder und Dach sind aufgesetzt<\/figcaption><\/figure><\/li><li class=\"blocks-gallery-item\"><figure><img loading=\"lazy\" decoding=\"async\" width=\"803\" height=\"1024\" src=\"https:\/\/knappteich.de\/wp-content\/uploads\/2020\/05\/20200429_Tomatendach_3-803x1024.jpg\" alt=\"\" data-id=\"3134\" data-full-url=\"https:\/\/knappteich.de\/wp-content\/uploads\/2020\/05\/20200429_Tomatendach_3.jpg\" data-link=\"https:\/\/knappteich.de\/20200429_tomatendach_3\/\" class=\"wp-image-3134\" srcset=\"https:\/\/knappteich.de\/wp-content\/uploads\/2020\/05\/20200429_Tomatendach_3-803x1024.jpg 803w, https:\/\/knappteich.de\/wp-content\/uploads\/2020\/05\/20200429_Tomatendach_3-235x300.jpg 235w, https:\/\/knappteich.de\/wp-content\/uploads\/2020\/05\/20200429_Tomatendach_3-768x979.jpg 768w, https:\/\/knappteich.de\/wp-content\/uploads\/2020\/05\/20200429_Tomatendach_3.jpg 985w\" sizes=\"auto, (max-width: 803px) 100vw, 803px\" \/><figcaption class=\"blocks-gallery-item__caption\">und mit abgeschlossener Bodenvorbereitung &#8211; Sauzahn + Kompost + Mulch<\/figcaption><\/figure><\/li><li class=\"blocks-gallery-item\"><figure><img loading=\"lazy\" decoding=\"async\" width=\"1024\" height=\"618\" src=\"https:\/\/knappteich.de\/wp-content\/uploads\/2020\/05\/20200429_Tomatendach_2-1024x618.jpg\" alt=\"\" data-id=\"3133\" data-full-url=\"https:\/\/knappteich.de\/wp-content\/uploads\/2020\/05\/20200429_Tomatendach_2.jpg\" data-link=\"https:\/\/knappteich.de\/20200429_tomatendach_2\/\" class=\"wp-image-3133\" srcset=\"https:\/\/knappteich.de\/wp-content\/uploads\/2020\/05\/20200429_Tomatendach_2-1024x618.jpg 1024w, https:\/\/knappteich.de\/wp-content\/uploads\/2020\/05\/20200429_Tomatendach_2-300x181.jpg 300w, https:\/\/knappteich.de\/wp-content\/uploads\/2020\/05\/20200429_Tomatendach_2-768x463.jpg 768w, https:\/\/knappteich.de\/wp-content\/uploads\/2020\/05\/20200429_Tomatendach_2-497x300.jpg 497w, https:\/\/knappteich.de\/wp-content\/uploads\/2020\/05\/20200429_Tomatendach_2.jpg 1280w\" sizes=\"auto, (max-width: 1024px) 100vw, 1024px\" \/><figcaption class=\"blocks-gallery-item__caption\">Tomatendach von vorn<\/figcaption><\/figure><\/li><\/ul><\/figure>\n","protected":false},"excerpt":{"rendered":"<p>So sieht die Apfelbl\u00fcte des ONTARIO-Apfels im B\u00fcrgergarten am Knappteich aus, wenn sie voll ausgepr\u00e4gt ist. Bei sonnigem Wetter summt der ganze Baum. Die Anzahl der Bl\u00fcten und der Blick auf die n\u00e4chtlichen Temperaturen gibt uns Hoffnung auf eine reiche &hellip; <a href=\"https:\/\/knappteich.de\/index.php\/2020\/04\/29\/apfelbluete-und-tomatendach\/\">Weiterlesen <span class=\"meta-nav\">&rarr;<\/span><\/a><\/p>\n","protected":false},"author":3,"featured_media":0,"comment_status":"closed","ping_status":"closed","sticky":false,"template":"","format":"standard","meta":{"footnotes":""},"categories":[3],"tags":[],"class_list":["post-3138","post","type-post","status-publish","format-standard","hentry","category-archiv"],"_links":{"self":[{"href":"https:\/\/knappteich.de\/index.php\/wp-json\/wp\/v2\/posts\/3138","targetHints":{"allow":["GET"]}}],"collection":[{"href":"https:\/\/knappteich.de\/index.php\/wp-json\/wp\/v2\/posts"}],"about":[{"href":"https:\/\/knappteich.de\/index.php\/wp-json\/wp\/v2\/types\/post"}],"author":[{"embeddable":true,"href":"https:\/\/knappteich.de\/index.php\/wp-json\/wp\/v2\/users\/3"}],"replies":[{"embeddable":true,"href":"https:\/\/knappteich.de\/index.php\/wp-json\/wp\/v2\/comments?post=3138"}],"version-history":[{"count":3,"href":"https:\/\/knappteich.de\/index.php\/wp-json\/wp\/v2\/posts\/3138\/revisions"}],"predecessor-version":[{"id":3141,"href":"https:\/\/knappteich.de\/index.php\/wp-json\/wp\/v2\/posts\/3138\/revisions\/3141"}],"wp:attachment":[{"href":"https:\/\/knappteich.de\/index.php\/wp-json\/wp\/v2\/media?parent=3138"}],"wp:term":[{"taxonomy":"category","embeddable":true,"href":"https:\/\/knappteich.de\/index.php\/wp-json\/wp\/v2\/categories?post=3138"},{"taxonomy":"post_tag","embeddable":true,"href":"https:\/\/knappteich.de\/index.php\/wp-json\/wp\/v2\/tags?post=3138"}],"curies":[{"name":"wp","href":"https:\/\/api.w.org\/{rel}","templated":true}]}}