{"id":2906,"date":"2019-12-08T23:20:03","date_gmt":"2019-12-08T22:20:03","guid":{"rendered":"https:\/\/knappteich.de\/?p=2906"},"modified":"2020-03-11T21:45:54","modified_gmt":"2020-03-11T20:45:54","slug":"lichterwanderung-2019","status":"publish","type":"post","link":"https:\/\/knappteich.de\/index.php\/2019\/12\/08\/lichterwanderung-2019\/","title":{"rendered":"Lichterwanderung 2019"},"content":{"rendered":"\n<p>P\u00fcnktlich mit dem Glockenschlag 18:00 Uhr versammelten sich ca. 15 Lichterwanderer am B\u00fcrgergarten des Knappteiches und &#8230; als h\u00e4tte Petrus es geh\u00f6rt &#8230; ging auch genau zu diesem Zeitpunkt der Regen los. Wir w\u00e4hlten eine kleinere Wanderrunde und die kleinen Lichterwanderer trugen tapfer Ihre Lampions bis zum Schluss &#8230; auch wenn der eine oder andere Lampion dabei zu Schaden kam. Daf\u00fcr kamen der heisse Punsch &#8230; da war dann auch kein Regen mehr &#8230;  am Lagerfeuer im B\u00fcrgergarten bei allen gut an. <\/p>\n\n\n\n<figure class=\"wp-block-image size-large is-resized\"><img loading=\"lazy\" decoding=\"async\" src=\"https:\/\/knappteich.de\/wp-content\/uploads\/2019\/12\/20191202_180819_small-1024x768.jpg\" alt=\"\" class=\"wp-image-2905\" width=\"552\" height=\"414\" srcset=\"https:\/\/knappteich.de\/wp-content\/uploads\/2019\/12\/20191202_180819_small-1024x768.jpg 1024w, https:\/\/knappteich.de\/wp-content\/uploads\/2019\/12\/20191202_180819_small-300x225.jpg 300w, https:\/\/knappteich.de\/wp-content\/uploads\/2019\/12\/20191202_180819_small-768x576.jpg 768w, https:\/\/knappteich.de\/wp-content\/uploads\/2019\/12\/20191202_180819_small-400x300.jpg 400w, https:\/\/knappteich.de\/wp-content\/uploads\/2019\/12\/20191202_180819_small.jpg 1280w\" sizes=\"auto, (max-width: 552px) 100vw, 552px\" \/><\/figure>\n","protected":false},"excerpt":{"rendered":"<p>P\u00fcnktlich mit dem Glockenschlag 18:00 Uhr versammelten sich ca. 15 Lichterwanderer am B\u00fcrgergarten des Knappteiches und &#8230; als h\u00e4tte Petrus es geh\u00f6rt &#8230; ging auch genau zu diesem Zeitpunkt der Regen los. Wir w\u00e4hlten eine kleinere Wanderrunde und die kleinen &hellip; <a href=\"https:\/\/knappteich.de\/index.php\/2019\/12\/08\/lichterwanderung-2019\/\">Weiterlesen <span class=\"meta-nav\">&rarr;<\/span><\/a><\/p>\n","protected":false},"author":3,"featured_media":0,"comment_status":"closed","ping_status":"closed","sticky":false,"template":"","format":"standard","meta":{"footnotes":""},"categories":[3],"tags":[],"class_list":["post-2906","post","type-post","status-publish","format-standard","hentry","category-archiv"],"_links":{"self":[{"href":"https:\/\/knappteich.de\/index.php\/wp-json\/wp\/v2\/posts\/2906","targetHints":{"allow":["GET"]}}],"collection":[{"href":"https:\/\/knappteich.de\/index.php\/wp-json\/wp\/v2\/posts"}],"about":[{"href":"https:\/\/knappteich.de\/index.php\/wp-json\/wp\/v2\/types\/post"}],"author":[{"embeddable":true,"href":"https:\/\/knappteich.de\/index.php\/wp-json\/wp\/v2\/users\/3"}],"replies":[{"embeddable":true,"href":"https:\/\/knappteich.de\/index.php\/wp-json\/wp\/v2\/comments?post=2906"}],"version-history":[{"count":1,"href":"https:\/\/knappteich.de\/index.php\/wp-json\/wp\/v2\/posts\/2906\/revisions"}],"predecessor-version":[{"id":2907,"href":"https:\/\/knappteich.de\/index.php\/wp-json\/wp\/v2\/posts\/2906\/revisions\/2907"}],"wp:attachment":[{"href":"https:\/\/knappteich.de\/index.php\/wp-json\/wp\/v2\/media?parent=2906"}],"wp:term":[{"taxonomy":"category","embeddable":true,"href":"https:\/\/knappteich.de\/index.php\/wp-json\/wp\/v2\/categories?post=2906"},{"taxonomy":"post_tag","embeddable":true,"href":"https:\/\/knappteich.de\/index.php\/wp-json\/wp\/v2\/tags?post=2906"}],"curies":[{"name":"wp","href":"https:\/\/api.w.org\/{rel}","templated":true}]}}