{"id":280,"date":"2013-09-18T22:29:14","date_gmt":"2013-09-18T20:29:14","guid":{"rendered":"https:\/\/knappteich.de\/?p=280"},"modified":"2015-07-16T22:30:04","modified_gmt":"2015-07-16T20:30:04","slug":"freie-presse-sanierung-des-knappteichs-geht-in-die-naechste-runde","status":"publish","type":"post","link":"https:\/\/knappteich.de\/index.php\/2013\/09\/18\/freie-presse-sanierung-des-knappteichs-geht-in-die-naechste-runde\/","title":{"rendered":"Freie Presse &#8211; Sanierung des Knappteichs geht in die n\u00e4chste Runde"},"content":{"rendered":"<p>Vorbereitende Arbeiten f\u00fcr die Anfang Oktober beginnende Erneuerung des Ablaufes haben gestern begonnen. Das Gew\u00e4sser soll wieder ein Anziehungspunkt werden.<br \/>\n<!--more--><br \/>\nVon Franziska K\u00f6nig<br \/>\nerschienen am 18.09.2013<\/p>\n<p>Yorckgebiet. Die Sanierung des Knappteichs zwischen der F\u00fcrstenstra\u00dfe und der Zeisigwaldstra\u00dfe geht in die n\u00e4chste Runde. Gestern haben die vorbereitenden Arbeiten f\u00fcr den Erneuerungsbau des Ablaufwerks begonnen &#8211; mit einem symbolischen St\u00f6pselzug, den Bauleiter Bernd Walther und sein Kollege Knut Perthel vornahmen. Bis Anfang Oktober soll der Wasserstand auf ein Drittel der urspr\u00fcnglichen Menge reduziert und anschlie\u00dfend das Ablaufwerk &#8211; in der Teichwirtschaft als M\u00f6nch bezeichnet &#8211; erneuert werden. Das soll k\u00fcnftig dem ungewollten Abflie\u00dfen von Wasser vorbeugen und einen konstanten Pegel sichern.<\/p>\n<p>Seit Jahren bereitet der Zustand des Knappteichs den Anwohnern Kopfzerbrechen. &#8222;Das Problem ist, dass der Wasserstand sehr niedrig und der Teich verschlammt ist, was besonders im Sommer zu Gestank f\u00fchrt&#8220;, fasst Andreas Wolf, Vorsitzender der 2010 gegr\u00fcndeten B\u00fcrgerinitiative Yorckgebiet, die Beschwerden der B\u00fcrger zusammen. Das sei besonders schlimm, da der Teich eine Erholungsoase im Wohngebiet darstelle und Anziehungspunkt f\u00fcr Spazierg\u00e4ngern sei.<\/p>\n<p>Um das Biotop wieder aufzuwerten, entwickelte die Stadt Chemnitz gemeinsam mit einem Planungs- b\u00fcro einen mehrstufigen Plan, in dem die gestern begonnenen Bauarbeiten den zweiten Abschnitt darstellen. &#8222;Die erste Ma\u00dfnahme zur Verbesserung der Situation des Knappteichs wurde 2012 realisiert. Damals wurde die Zulaufleitung f\u00fcr etwa 90.000 Euro in Stand gesetzt&#8220;, sagt Baub\u00fcrgermeisterin Petra Wesseler. Der n\u00e4chste Schritt stelle nun die Erneuerung des M\u00f6nches f\u00fcr etwa 30.000 Euro dar.<\/p>\n<p>Um das Ablaufwerk auszutauschen, sollen zun\u00e4chst der Wasserstand verringert und anschlie\u00dfend ein sogenannter Kastenfangdamm um den M\u00f6nch errichtet werden, erkl\u00e4rt Bauleiter Walther das Vorgehen. Dabei handele es sich um einen mit Lehm gef\u00fcllten Damm, der die Baustelle trocken halten soll. Ab der zweiten Oktober-Woche ist der Beginn der eigentlichen Erneuerungsarbeiten am M\u00f6nch angesetzt. Bauende soll der 15. November sein.<\/p>\n<p>Andreas Wolf ist froh, dass wieder Bewegung in die Knappteich- Sanierung kommt. &#8222;Wir sind total gl\u00fccklich, dass endlich die vielen Versprechungen des Baudezernats fruchten. Viele B\u00fcrger f\u00fchlten sich bereits vertr\u00f6stet, weil nach den Arbeiten 2012 erst einmal abgewartet wurde&#8220;, sagt der Volkssolidarit\u00e4ts-Stadtrat. Die Pause zwischen den Bauabschnitten kam laut Wesseler zu Stande, weil das Bauvolumen zu gro\u00df f\u00fcr eine einzige Ma\u00dfnahme sei und darum unterteilt wurde. &#8222;Die Sanierung wird Schritt f\u00fcr Schritt fortgesetzt&#8220;, versichert sie. Als n\u00e4chstes seien die Entschlammung des Teiches und die Verbesserung des Wasserzulaufs vorgesehen, so Wesseler. Diese Arbeiten seien aber nicht mehr in diesem Jahr geplant.<\/p>\n<p>F\u00fcr Anwohnerin Ulrike Berthold bedeuten die erneuten Sanierungen einen Schritt in die richtige Richtung. &#8222;Es w\u00e4re sch\u00f6n, wenn man im Sommer gem\u00fctlich hier sitzen k\u00f6nnte, ohne Gestank&#8220;, findet die 41-J\u00e4hrige. Allerdings m\u00fcsse sich auch jemand bereiterkl\u00e4ren, das Gew\u00e4sser \u00fcber die Sanierung hinaus zu betreuen. \u00dcberlegungen dazu gibt es bei der B\u00fcrgerinitiative Yorckgebiet bereits, wie Andreas Wolf mitteilt. Spruchreif seien diese aber noch nicht.<\/p>\n<p>\u00a9 Copyright Chemnitzer Verlag und Druck GmbH &amp; Co. KG<\/p>\n<p>https:\/\/www.freiepresse.de\/LOKALES\/CHEMNITZ\/Sanierung-des-Knappteichs-geht-in-die-naechste-Runde-artikel8535844.php<\/p>\n","protected":false},"excerpt":{"rendered":"<p>Vorbereitende Arbeiten f\u00fcr die Anfang Oktober beginnende Erneuerung des Ablaufes haben gestern begonnen. Das Gew\u00e4sser soll wieder ein Anziehungspunkt werden.<\/p>\n","protected":false},"author":8,"featured_media":0,"comment_status":"closed","ping_status":"closed","sticky":false,"template":"","format":"standard","meta":{"footnotes":""},"categories":[3],"tags":[],"class_list":["post-280","post","type-post","status-publish","format-standard","hentry","category-archiv"],"_links":{"self":[{"href":"https:\/\/knappteich.de\/index.php\/wp-json\/wp\/v2\/posts\/280","targetHints":{"allow":["GET"]}}],"collection":[{"href":"https:\/\/knappteich.de\/index.php\/wp-json\/wp\/v2\/posts"}],"about":[{"href":"https:\/\/knappteich.de\/index.php\/wp-json\/wp\/v2\/types\/post"}],"author":[{"embeddable":true,"href":"https:\/\/knappteich.de\/index.php\/wp-json\/wp\/v2\/users\/8"}],"replies":[{"embeddable":true,"href":"https:\/\/knappteich.de\/index.php\/wp-json\/wp\/v2\/comments?post=280"}],"version-history":[{"count":1,"href":"https:\/\/knappteich.de\/index.php\/wp-json\/wp\/v2\/posts\/280\/revisions"}],"predecessor-version":[{"id":281,"href":"https:\/\/knappteich.de\/index.php\/wp-json\/wp\/v2\/posts\/280\/revisions\/281"}],"wp:attachment":[{"href":"https:\/\/knappteich.de\/index.php\/wp-json\/wp\/v2\/media?parent=280"}],"wp:term":[{"taxonomy":"category","embeddable":true,"href":"https:\/\/knappteich.de\/index.php\/wp-json\/wp\/v2\/categories?post=280"},{"taxonomy":"post_tag","embeddable":true,"href":"https:\/\/knappteich.de\/index.php\/wp-json\/wp\/v2\/tags?post=280"}],"curies":[{"name":"wp","href":"https:\/\/api.w.org\/{rel}","templated":true}]}}