{"id":2707,"date":"2019-08-12T21:00:04","date_gmt":"2019-08-12T19:00:04","guid":{"rendered":"https:\/\/knappteich.de\/?p=2707"},"modified":"2019-09-18T21:31:15","modified_gmt":"2019-09-18T19:31:15","slug":"stadtteilfest-yorckgebiet-05-09-2019","status":"publish","type":"post","link":"https:\/\/knappteich.de\/index.php\/2019\/08\/12\/stadtteilfest-yorckgebiet-05-09-2019\/","title":{"rendered":"Stadtteilfest Yorckgebiet 05.09.2019"},"content":{"rendered":"\n<p>Am<strong> 05.09.2019 von 14-18 Uhr<\/strong> findet das j\u00e4hrliche <strong>Stadtteilfest<\/strong> im Stadtteilpark an der F\u00fcrstenstra\u00dfe statt. Wir vom Knappteich sind mit am Gemeinschaftsstand unseres Tr\u00e4gervereins &#8211; <a rel=\"noreferrer noopener\" aria-label=\"des SDB e.V. (\u00f6ffnet in neuem Tab)\" href=\"https:\/\/sdb-chemnitz.de\/web\/\" target=\"_blank\">des SDB e.V.<\/a> &#8211; vertreten. Dort k\u00f6nnt Ihr auch die B\u00fcrgerplattform Chemnitz Mitte-Ost kennenlernen und Euch \u00fcber die m\u00f6glichen F\u00f6rderungen von Projektideen im Einzugsgebiet Yorckgebiet informieren. Neben einem Info-Stand wird es eine Spiel- und Bastelstra\u00dfe geben. Weitere Infos zum Stadtteilfest wird es <a href=\"http:\/\/www.yorckgebiet.de\/wp\/events\/stadtteilfest-yorckgebiet-stadtteilpark\">hier<\/a> geben.<\/p>\n","protected":false},"excerpt":{"rendered":"<p>Am 05.09.2019 von 14-18 Uhr findet das j\u00e4hrliche Stadtteilfest im Stadtteilpark an der F\u00fcrstenstra\u00dfe statt. Wir vom Knappteich sind mit am Gemeinschaftsstand unseres Tr\u00e4gervereins &#8211; des SDB e.V. &#8211; vertreten. Dort k\u00f6nnt Ihr auch die B\u00fcrgerplattform Chemnitz Mitte-Ost kennenlernen und &hellip; <a href=\"https:\/\/knappteich.de\/index.php\/2019\/08\/12\/stadtteilfest-yorckgebiet-05-09-2019\/\">Weiterlesen <span class=\"meta-nav\">&rarr;<\/span><\/a><\/p>\n","protected":false},"author":3,"featured_media":0,"comment_status":"closed","ping_status":"closed","sticky":false,"template":"","format":"standard","meta":{"footnotes":""},"categories":[3],"tags":[],"class_list":["post-2707","post","type-post","status-publish","format-standard","hentry","category-archiv"],"_links":{"self":[{"href":"https:\/\/knappteich.de\/index.php\/wp-json\/wp\/v2\/posts\/2707","targetHints":{"allow":["GET"]}}],"collection":[{"href":"https:\/\/knappteich.de\/index.php\/wp-json\/wp\/v2\/posts"}],"about":[{"href":"https:\/\/knappteich.de\/index.php\/wp-json\/wp\/v2\/types\/post"}],"author":[{"embeddable":true,"href":"https:\/\/knappteich.de\/index.php\/wp-json\/wp\/v2\/users\/3"}],"replies":[{"embeddable":true,"href":"https:\/\/knappteich.de\/index.php\/wp-json\/wp\/v2\/comments?post=2707"}],"version-history":[{"count":5,"href":"https:\/\/knappteich.de\/index.php\/wp-json\/wp\/v2\/posts\/2707\/revisions"}],"predecessor-version":[{"id":2809,"href":"https:\/\/knappteich.de\/index.php\/wp-json\/wp\/v2\/posts\/2707\/revisions\/2809"}],"wp:attachment":[{"href":"https:\/\/knappteich.de\/index.php\/wp-json\/wp\/v2\/media?parent=2707"}],"wp:term":[{"taxonomy":"category","embeddable":true,"href":"https:\/\/knappteich.de\/index.php\/wp-json\/wp\/v2\/categories?post=2707"},{"taxonomy":"post_tag","embeddable":true,"href":"https:\/\/knappteich.de\/index.php\/wp-json\/wp\/v2\/tags?post=2707"}],"curies":[{"name":"wp","href":"https:\/\/api.w.org\/{rel}","templated":true}]}}