{"id":2674,"date":"2019-07-07T22:03:45","date_gmt":"2019-07-07T20:03:45","guid":{"rendered":"https:\/\/knappteich.de\/?p=2674"},"modified":"2019-11-14T21:07:24","modified_gmt":"2019-11-14T20:07:24","slug":"vereinsheim-im-buergergarten","status":"publish","type":"post","link":"https:\/\/knappteich.de\/index.php\/2019\/07\/07\/vereinsheim-im-buergergarten\/","title":{"rendered":"Vereinsheim im B\u00fcrgergarten"},"content":{"rendered":"\n<p>Das war ein arbeitsreiches Wochenende im B\u00fcrgergarten am Knappteich. Wir haben diese Wochenende den Fussboden der Vereinsh\u00fctte fertiggestellt, so das in naher Zukunft auch der Innenausbau abgeschlossen werden kann. <\/p>\n\n\n<p><a href=\"https:\/\/knappteich.de\/wp-content\/uploads\/2019\/07\/20190706_02-Start-Ecke1.jpg\"><img loading=\"lazy\" decoding=\"async\" class=\"size-medium wp-image-2678 alignleft\" src=\"https:\/\/knappteich.de\/wp-content\/uploads\/2019\/07\/20190706_02-Start-Ecke1-300x169.jpg\" alt=\"\" width=\"300\" height=\"169\" srcset=\"https:\/\/knappteich.de\/wp-content\/uploads\/2019\/07\/20190706_02-Start-Ecke1-300x169.jpg 300w, https:\/\/knappteich.de\/wp-content\/uploads\/2019\/07\/20190706_02-Start-Ecke1-768x432.jpg 768w, https:\/\/knappteich.de\/wp-content\/uploads\/2019\/07\/20190706_02-Start-Ecke1-1024x576.jpg 1024w, https:\/\/knappteich.de\/wp-content\/uploads\/2019\/07\/20190706_02-Start-Ecke1-500x281.jpg 500w, https:\/\/knappteich.de\/wp-content\/uploads\/2019\/07\/20190706_02-Start-Ecke1.jpg 1280w\" sizes=\"auto, (max-width: 300px) 100vw, 300px\" \/><\/a>Los ging es erstmal mit dem Ausr\u00e4umen der bisherigen Innereien aus der H\u00fctte. Da kamen Sachen zum Vorschein, von denen wir manche schon l\u00e4nger gesucht hatten. Nachdem auch die B\u00e4nke herausgenommen waren, konnte es mit dem Schleifen des Fussbodens losgehen.<!--more--><\/p>\n<p><a href=\"https:\/\/knappteich.de\/wp-content\/uploads\/2019\/07\/20190706_04-Start-Schleifmaster.jpg\"><img loading=\"lazy\" decoding=\"async\" class=\"wp-image-2679 alignleft\" src=\"https:\/\/knappteich.de\/wp-content\/uploads\/2019\/07\/20190706_04-Start-Schleifmaster-255x300.jpg\" alt=\"\" width=\"161\" height=\"188\" \/><\/a>Das Tellerschleifger\u00e4t wurde mit Schleifpapier besetzt und los ging es. Anf\u00e4nglich glich unser &#8222;Schleifen&#8220; oder &#8222;das der Maschine Herr werden&#8220; einem &#8222;Ritt auf einem wilden Stier&#8220;, doch das Gef\u00fchl f\u00fcr das Maschinchen kam schnell, so das der &#8222;Schleifmeister&#8220; Sven den Boden gleichm\u00e4\u00dfig einmal grob und anschlie\u00dfend fein abschleifen konnte. Die Ecken wurden mit einem Handschleifer nachbearbeitet. Anschlie\u00dfend konnten die Malerarbeiten mit dem Hartwachs\u00f6l beginnen.<\/p>\n<p><a href=\"https:\/\/knappteich.de\/wp-content\/uploads\/2019\/07\/20190706_09-Mittag-mit-Schliffabnahme.jpg\"><img loading=\"lazy\" decoding=\"async\" class=\"size-medium wp-image-2676 alignleft\" src=\"https:\/\/knappteich.de\/wp-content\/uploads\/2019\/07\/20190706_09-Mittag-mit-Schliffabnahme-300x223.jpg\" alt=\"\" width=\"300\" height=\"223\" srcset=\"https:\/\/knappteich.de\/wp-content\/uploads\/2019\/07\/20190706_09-Mittag-mit-Schliffabnahme-300x223.jpg 300w, https:\/\/knappteich.de\/wp-content\/uploads\/2019\/07\/20190706_09-Mittag-mit-Schliffabnahme-768x570.jpg 768w, https:\/\/knappteich.de\/wp-content\/uploads\/2019\/07\/20190706_09-Mittag-mit-Schliffabnahme.jpg 1024w, https:\/\/knappteich.de\/wp-content\/uploads\/2019\/07\/20190706_09-Mittag-mit-Schliffabnahme-404x300.jpg 404w\" sizes=\"auto, (max-width: 300px) 100vw, 300px\" \/><\/a>Vorher gab es aber noch Mittagessen mit Altmeister J\u00fcrgen, der sich die &#8222;Abnahme der Schleifarbeiten&#8220; nicht nehmen lie\u00df und noch gute Tips parat hatte. Nach dem Absaugen wurde mit Hartwachs\u00f6l gestrichen und mit einem Wollaufsatz auf dem Schleifger\u00e4t das \u00fcbersch\u00fcssige \u00d6l in den Dielenboden einmassiert. Nach 6 Stunden Arbeit am Sonnabend haben wir uns am Sonntag Mittag erneut getroffen, um ein zweites mal zu \u00f6len. Jetzt wieder trocknen lassen und nach 7 Tagen ist der Dielenboden wieder vollbelastbar und die H\u00fctte kann einger\u00e4umt werden. Dann kann der Innenausbau weitergehen.<a href=\"https:\/\/knappteich.de\/wp-content\/uploads\/2019\/07\/20190706_11-Erste-\u00d6lung-Panorama.jpg\"><img loading=\"lazy\" decoding=\"async\" class=\"alignnone size-large wp-image-2677\" src=\"https:\/\/knappteich.de\/wp-content\/uploads\/2019\/07\/20190706_11-Erste-\u00d6lung-Panorama-1024x309.jpg\" alt=\"\" width=\"584\" height=\"176\" srcset=\"https:\/\/knappteich.de\/wp-content\/uploads\/2019\/07\/20190706_11-Erste-\u00d6lung-Panorama-1024x309.jpg 1024w, https:\/\/knappteich.de\/wp-content\/uploads\/2019\/07\/20190706_11-Erste-\u00d6lung-Panorama-300x91.jpg 300w, https:\/\/knappteich.de\/wp-content\/uploads\/2019\/07\/20190706_11-Erste-\u00d6lung-Panorama-768x232.jpg 768w, https:\/\/knappteich.de\/wp-content\/uploads\/2019\/07\/20190706_11-Erste-\u00d6lung-Panorama-500x151.jpg 500w, https:\/\/knappteich.de\/wp-content\/uploads\/2019\/07\/20190706_11-Erste-\u00d6lung-Panorama.jpg 2014w\" sizes=\"auto, (max-width: 584px) 100vw, 584px\" \/><\/a><\/p>\n<p>So sah der fertig ge\u00f6lte Boden der H\u00fctte zum Schluss aus. Der Dank f\u00fcrs Umsetzen geht an Sven und Thomas L.<\/p>\n\n\n<p><\/p>\n","protected":false},"excerpt":{"rendered":"<p>Das war ein arbeitsreiches Wochenende im B\u00fcrgergarten am Knappteich. Wir haben diese Wochenende den Fussboden der Vereinsh\u00fctte fertiggestellt, so das in naher Zukunft auch der Innenausbau abgeschlossen werden kann. Los ging es erstmal mit dem Ausr\u00e4umen der bisherigen Innereien aus &hellip; <a href=\"https:\/\/knappteich.de\/index.php\/2019\/07\/07\/vereinsheim-im-buergergarten\/\">Weiterlesen <span class=\"meta-nav\">&rarr;<\/span><\/a><\/p>\n","protected":false},"author":3,"featured_media":0,"comment_status":"closed","ping_status":"closed","sticky":false,"template":"","format":"standard","meta":{"footnotes":""},"categories":[3],"tags":[],"class_list":["post-2674","post","type-post","status-publish","format-standard","hentry","category-archiv"],"_links":{"self":[{"href":"https:\/\/knappteich.de\/index.php\/wp-json\/wp\/v2\/posts\/2674","targetHints":{"allow":["GET"]}}],"collection":[{"href":"https:\/\/knappteich.de\/index.php\/wp-json\/wp\/v2\/posts"}],"about":[{"href":"https:\/\/knappteich.de\/index.php\/wp-json\/wp\/v2\/types\/post"}],"author":[{"embeddable":true,"href":"https:\/\/knappteich.de\/index.php\/wp-json\/wp\/v2\/users\/3"}],"replies":[{"embeddable":true,"href":"https:\/\/knappteich.de\/index.php\/wp-json\/wp\/v2\/comments?post=2674"}],"version-history":[{"count":3,"href":"https:\/\/knappteich.de\/index.php\/wp-json\/wp\/v2\/posts\/2674\/revisions"}],"predecessor-version":[{"id":2682,"href":"https:\/\/knappteich.de\/index.php\/wp-json\/wp\/v2\/posts\/2674\/revisions\/2682"}],"wp:attachment":[{"href":"https:\/\/knappteich.de\/index.php\/wp-json\/wp\/v2\/media?parent=2674"}],"wp:term":[{"taxonomy":"category","embeddable":true,"href":"https:\/\/knappteich.de\/index.php\/wp-json\/wp\/v2\/categories?post=2674"},{"taxonomy":"post_tag","embeddable":true,"href":"https:\/\/knappteich.de\/index.php\/wp-json\/wp\/v2\/tags?post=2674"}],"curies":[{"name":"wp","href":"https:\/\/api.w.org\/{rel}","templated":true}]}}