{"id":2623,"date":"2019-06-10T21:49:10","date_gmt":"2019-06-10T19:49:10","guid":{"rendered":"https:\/\/knappteich.de\/?p=2623"},"modified":"2019-08-12T20:37:16","modified_gmt":"2019-08-12T18:37:16","slug":"mitsommer-am-knappteich","status":"publish","type":"post","link":"https:\/\/knappteich.de\/index.php\/2019\/06\/10\/mitsommer-am-knappteich\/","title":{"rendered":"Mitsommer am Knappteich"},"content":{"rendered":"\n<p><strong>Freitag, 21.06.2019 ab 18 Uhr<\/strong><\/p>\n\n\n\n<p>Auch dieses Jahr laden wir alle zum gemeinsamen Mitsommerfest an den Knappteich ein. Als Mittsommerfest werden die Feierlichkeiten zur Sommersonnenwende bezeichnet. In den skandinavischen L\u00e4ndern sowie im Baltikum sind die Br\u00e4uche besonders lebendig. Wir begehen das Fest mit Lagerfeuer, Grill, Getr\u00e4nken und kulturellem Rahmenprogramm.<\/p>\n\n\n\n<figure class=\"wp-block-image is-resized\"><img loading=\"lazy\" decoding=\"async\" src=\"https:\/\/knappteich.de\/wp-content\/uploads\/2018\/05\/IMG_3270_small-768x1024.jpg\" alt=\"\" class=\"wp-image-1861\" width=\"278\" height=\"383\"\/><\/figure>\n","protected":false},"excerpt":{"rendered":"<p>Freitag, 21.06.2019 ab 18 Uhr Auch dieses Jahr laden wir alle zum gemeinsamen Mitsommerfest an den Knappteich ein. Als Mittsommerfest werden die Feierlichkeiten zur Sommersonnenwende bezeichnet. In den skandinavischen L\u00e4ndern sowie im Baltikum sind die Br\u00e4uche besonders lebendig. Wir begehen &hellip; <a href=\"https:\/\/knappteich.de\/index.php\/2019\/06\/10\/mitsommer-am-knappteich\/\">Weiterlesen <span class=\"meta-nav\">&rarr;<\/span><\/a><\/p>\n","protected":false},"author":8,"featured_media":0,"comment_status":"closed","ping_status":"closed","sticky":false,"template":"","format":"standard","meta":{"footnotes":""},"categories":[3],"tags":[],"class_list":["post-2623","post","type-post","status-publish","format-standard","hentry","category-archiv"],"_links":{"self":[{"href":"https:\/\/knappteich.de\/index.php\/wp-json\/wp\/v2\/posts\/2623","targetHints":{"allow":["GET"]}}],"collection":[{"href":"https:\/\/knappteich.de\/index.php\/wp-json\/wp\/v2\/posts"}],"about":[{"href":"https:\/\/knappteich.de\/index.php\/wp-json\/wp\/v2\/types\/post"}],"author":[{"embeddable":true,"href":"https:\/\/knappteich.de\/index.php\/wp-json\/wp\/v2\/users\/8"}],"replies":[{"embeddable":true,"href":"https:\/\/knappteich.de\/index.php\/wp-json\/wp\/v2\/comments?post=2623"}],"version-history":[{"count":1,"href":"https:\/\/knappteich.de\/index.php\/wp-json\/wp\/v2\/posts\/2623\/revisions"}],"predecessor-version":[{"id":2624,"href":"https:\/\/knappteich.de\/index.php\/wp-json\/wp\/v2\/posts\/2623\/revisions\/2624"}],"wp:attachment":[{"href":"https:\/\/knappteich.de\/index.php\/wp-json\/wp\/v2\/media?parent=2623"}],"wp:term":[{"taxonomy":"category","embeddable":true,"href":"https:\/\/knappteich.de\/index.php\/wp-json\/wp\/v2\/categories?post=2623"},{"taxonomy":"post_tag","embeddable":true,"href":"https:\/\/knappteich.de\/index.php\/wp-json\/wp\/v2\/tags?post=2623"}],"curies":[{"name":"wp","href":"https:\/\/api.w.org\/{rel}","templated":true}]}}