{"id":2600,"date":"2019-05-20T14:07:53","date_gmt":"2019-05-20T12:07:53","guid":{"rendered":"https:\/\/knappteich.de\/?p=2600"},"modified":"2019-11-14T21:05:56","modified_gmt":"2019-11-14T20:05:56","slug":"mongolischer-abend-im-knappteichgarten","status":"publish","type":"post","link":"https:\/\/knappteich.de\/index.php\/2019\/05\/20\/mongolischer-abend-im-knappteichgarten\/","title":{"rendered":"Mongolischer Abend im Knappteichgarten"},"content":{"rendered":"<p><a href=\"https:\/\/knappteich.de\/wp-content\/uploads\/2019\/05\/Mongolischer_Abend_04.jpg\"><img loading=\"lazy\" decoding=\"async\" class=\"alignnone wp-image-2584\" src=\"https:\/\/knappteich.de\/wp-content\/uploads\/2019\/05\/Mongolischer_Abend_04-300x122.jpg\" alt=\"\" width=\"463\" height=\"199\" \/><\/a><br \/>\n\u2026 die <strong>Mongolen<\/strong>, die Hunnen. Eroberer, Herrscher, Freunde.<\/p>\n<p>So sah es dann aus &#8230; vielschichtig und mythenbehaftet &#8230; am Knappteich im B\u00fcrgergarten zum mongolischen Abend, der im Rahmen der <a href=\"http:\/\/www.chemnitz2025.de\/\" target=\"_blank\" rel=\"noopener noreferrer\">Mikroprojekte f\u00fcr die Kulturhauptstadtbewerbung der Stadt Chemnitz<\/a> stattfand. Das Team Knappteich freut sich auf die Partner IAE e.V. und die Mitmacher unser neuen Projektgruppe Generationenforum.<\/p>\n<p><a href=\"https:\/\/knappteich.de\/wp-content\/uploads\/2019\/05\/Mongolischer_Abend_01.jpg\"><img loading=\"lazy\" decoding=\"async\" class=\"alignnone wp-image-2585\" src=\"https:\/\/knappteich.de\/wp-content\/uploads\/2019\/05\/Mongolischer_Abend_01-300x244.jpg\" alt=\"\" width=\"243\" height=\"200\" \/><\/a>\u00a0 <a href=\"https:\/\/knappteich.de\/wp-content\/uploads\/2019\/05\/Mongolischer_Abend_03.jpg\"><img loading=\"lazy\" decoding=\"async\" class=\"alignnone wp-image-2583\" src=\"https:\/\/knappteich.de\/wp-content\/uploads\/2019\/05\/Mongolischer_Abend_03-300x213.jpg\" alt=\"\" width=\"277\" height=\"200\" \/><\/a><\/p>\n<p><!--more--><\/p>\n<p><a href=\"https:\/\/knappteich.de\/wp-content\/uploads\/2019\/05\/Mongolischer_Abend_02.jpg\"><img loading=\"lazy\" decoding=\"async\" class=\"size-medium wp-image-2582 alignleft\" src=\"https:\/\/knappteich.de\/wp-content\/uploads\/2019\/05\/Mongolischer_Abend_02-284x300.jpg\" alt=\"\" width=\"284\" height=\"300\" srcset=\"https:\/\/knappteich.de\/wp-content\/uploads\/2019\/05\/Mongolischer_Abend_02-284x300.jpg 284w, https:\/\/knappteich.de\/wp-content\/uploads\/2019\/05\/Mongolischer_Abend_02-768x812.jpg 768w, https:\/\/knappteich.de\/wp-content\/uploads\/2019\/05\/Mongolischer_Abend_02-969x1024.jpg 969w, https:\/\/knappteich.de\/wp-content\/uploads\/2019\/05\/Mongolischer_Abend_02.jpg 1024w\" sizes=\"auto, (max-width: 284px) 100vw, 284px\" \/><\/a>Seit mehr als 1500 Jahren stehen die St\u00e4mme und V\u00f6lker der Steppen Asiens mit den keltischen und germanischen St\u00e4mmen Europas in intensiver und pr\u00e4gender Verbindung. Am Chemnitzer \u201eLernort Knappteich\u201c machen wir einen kleinen Ausflug in die Vergangenheit. Schauen wir was uns Deutsche und Mongolen an Geschichte und Mythen miteinander verbindet. Begegnen wir uns im Heute in Chemnitz und schauen welche Mongolen und Deutsche sich in Chemnitz gefunden haben. Nara und Thomas haben Geschichte und Geschichten f\u00fcr Euch. Essen und trinken wir am Feuer und genie\u00dfen zusammen einen Abend am Knappteich.<\/p>\n<p><a href=\"http:\/\/www.chemnitz2025.de\/\" target=\"_blank\" rel=\"noopener noreferrer\"><img loading=\"lazy\" decoding=\"async\" class=\"alignnone size-medium wp-image-2604\" src=\"https:\/\/knappteich.de\/wp-content\/uploads\/2019\/05\/Logo-chemnitz-2025-300x72.jpg\" alt=\"\" width=\"300\" height=\"72\" srcset=\"https:\/\/knappteich.de\/wp-content\/uploads\/2019\/05\/Logo-chemnitz-2025-300x72.jpg 300w, https:\/\/knappteich.de\/wp-content\/uploads\/2019\/05\/Logo-chemnitz-2025.jpg 473w\" sizes=\"auto, (max-width: 300px) 100vw, 300px\" \/><\/a><\/p>\n","protected":false},"excerpt":{"rendered":"<p>\u2026 die Mongolen, die Hunnen. Eroberer, Herrscher, Freunde. So sah es dann aus &#8230; vielschichtig und mythenbehaftet &#8230; am Knappteich im B\u00fcrgergarten zum mongolischen Abend, der im Rahmen der Mikroprojekte f\u00fcr die Kulturhauptstadtbewerbung der Stadt Chemnitz stattfand. Das Team Knappteich &hellip; <a href=\"https:\/\/knappteich.de\/index.php\/2019\/05\/20\/mongolischer-abend-im-knappteichgarten\/\">Weiterlesen <span class=\"meta-nav\">&rarr;<\/span><\/a><\/p>\n","protected":false},"author":3,"featured_media":0,"comment_status":"closed","ping_status":"closed","sticky":false,"template":"","format":"standard","meta":{"footnotes":""},"categories":[3],"tags":[],"class_list":["post-2600","post","type-post","status-publish","format-standard","hentry","category-archiv"],"_links":{"self":[{"href":"https:\/\/knappteich.de\/index.php\/wp-json\/wp\/v2\/posts\/2600","targetHints":{"allow":["GET"]}}],"collection":[{"href":"https:\/\/knappteich.de\/index.php\/wp-json\/wp\/v2\/posts"}],"about":[{"href":"https:\/\/knappteich.de\/index.php\/wp-json\/wp\/v2\/types\/post"}],"author":[{"embeddable":true,"href":"https:\/\/knappteich.de\/index.php\/wp-json\/wp\/v2\/users\/3"}],"replies":[{"embeddable":true,"href":"https:\/\/knappteich.de\/index.php\/wp-json\/wp\/v2\/comments?post=2600"}],"version-history":[{"count":5,"href":"https:\/\/knappteich.de\/index.php\/wp-json\/wp\/v2\/posts\/2600\/revisions"}],"predecessor-version":[{"id":2882,"href":"https:\/\/knappteich.de\/index.php\/wp-json\/wp\/v2\/posts\/2600\/revisions\/2882"}],"wp:attachment":[{"href":"https:\/\/knappteich.de\/index.php\/wp-json\/wp\/v2\/media?parent=2600"}],"wp:term":[{"taxonomy":"category","embeddable":true,"href":"https:\/\/knappteich.de\/index.php\/wp-json\/wp\/v2\/categories?post=2600"},{"taxonomy":"post_tag","embeddable":true,"href":"https:\/\/knappteich.de\/index.php\/wp-json\/wp\/v2\/tags?post=2600"}],"curies":[{"name":"wp","href":"https:\/\/api.w.org\/{rel}","templated":true}]}}