{"id":2150,"date":"2018-10-04T16:31:42","date_gmt":"2018-10-04T14:31:42","guid":{"rendered":"https:\/\/knappteich.de\/?p=2150"},"modified":"2018-12-25T21:00:13","modified_gmt":"2018-12-25T20:00:13","slug":"garteneinsatz-im-buergergarten","status":"publish","type":"post","link":"https:\/\/knappteich.de\/index.php\/2018\/10\/04\/garteneinsatz-im-buergergarten\/","title":{"rendered":"Garteneinsatz im B\u00fcrgergarten"},"content":{"rendered":"<p>Den 03.10. nutzten wir f\u00fcr einen Garteneinsatz im B\u00fcrgergarten am Knappteich.<br \/>\nNeben der Ernte von \u00c4pfeln, Meerrettich, Bohnen, Tomaten und konnten wir auch noch eine Handvoll Kartoffeln ernten. Leider hat uns bei den Kartoffeln die Trockenheit und auch eine W\u00fchlmausfamilie die Freude etwas getr\u00fcbt. Jetzt gilt es die Beete f\u00fcr die Wintersaat oder f\u00fcr die kommende Ruhepause vorzubereiten.<\/p>\n<p><a href=\"https:\/\/knappteich.de\/wp-content\/uploads\/2018\/10\/Apfelpfluecker.jpg\"><img loading=\"lazy\" decoding=\"async\" class=\"alignnone wp-image-2142\" src=\"https:\/\/knappteich.de\/wp-content\/uploads\/2018\/10\/Apfelpfluecker-190x300.jpg\" alt=\"\" width=\"156\" height=\"240\" \/><\/a>\u00a0\u00a0 <a href=\"https:\/\/knappteich.de\/wp-content\/uploads\/2018\/10\/Beetvorbereiter.jpg\"><img loading=\"lazy\" decoding=\"async\" class=\"alignnone wp-image-2143\" src=\"https:\/\/knappteich.de\/wp-content\/uploads\/2018\/10\/Beetvorbereiter-218x300.jpg\" alt=\"\" width=\"178\" height=\"240\" \/>\u00a0<\/a>\u00a0 <a href=\"https:\/\/knappteich.de\/wp-content\/uploads\/2018\/10\/Meerrettich_01.jpg\"><img loading=\"lazy\" decoding=\"async\" class=\"alignnone wp-image-2144\" src=\"https:\/\/knappteich.de\/wp-content\/uploads\/2018\/10\/Meerrettich_01-169x300.jpg\" alt=\"\" width=\"140\" height=\"240\" \/><\/a><\/p>\n<p>Tollen Besuch hatten wir auch von mehreren Anwohnern, die sich f\u00fcr unser Gemeinschaftsprojekt interessiert haben. Wir hoffen Sie zum Mitmachen animiert zu haben. Bis bald.<\/p>\n","protected":false},"excerpt":{"rendered":"<p>Den 03.10. nutzten wir f\u00fcr einen Garteneinsatz im B\u00fcrgergarten am Knappteich. Neben der Ernte von \u00c4pfeln, Meerrettich, Bohnen, Tomaten und konnten wir auch noch eine Handvoll Kartoffeln ernten. Leider hat uns bei den Kartoffeln die Trockenheit und auch eine W\u00fchlmausfamilie &hellip; <a href=\"https:\/\/knappteich.de\/index.php\/2018\/10\/04\/garteneinsatz-im-buergergarten\/\">Weiterlesen <span class=\"meta-nav\">&rarr;<\/span><\/a><\/p>\n","protected":false},"author":3,"featured_media":0,"comment_status":"closed","ping_status":"closed","sticky":false,"template":"","format":"standard","meta":{"footnotes":""},"categories":[3],"tags":[],"class_list":["post-2150","post","type-post","status-publish","format-standard","hentry","category-archiv"],"_links":{"self":[{"href":"https:\/\/knappteich.de\/index.php\/wp-json\/wp\/v2\/posts\/2150","targetHints":{"allow":["GET"]}}],"collection":[{"href":"https:\/\/knappteich.de\/index.php\/wp-json\/wp\/v2\/posts"}],"about":[{"href":"https:\/\/knappteich.de\/index.php\/wp-json\/wp\/v2\/types\/post"}],"author":[{"embeddable":true,"href":"https:\/\/knappteich.de\/index.php\/wp-json\/wp\/v2\/users\/3"}],"replies":[{"embeddable":true,"href":"https:\/\/knappteich.de\/index.php\/wp-json\/wp\/v2\/comments?post=2150"}],"version-history":[{"count":1,"href":"https:\/\/knappteich.de\/index.php\/wp-json\/wp\/v2\/posts\/2150\/revisions"}],"predecessor-version":[{"id":2151,"href":"https:\/\/knappteich.de\/index.php\/wp-json\/wp\/v2\/posts\/2150\/revisions\/2151"}],"wp:attachment":[{"href":"https:\/\/knappteich.de\/index.php\/wp-json\/wp\/v2\/media?parent=2150"}],"wp:term":[{"taxonomy":"category","embeddable":true,"href":"https:\/\/knappteich.de\/index.php\/wp-json\/wp\/v2\/categories?post=2150"},{"taxonomy":"post_tag","embeddable":true,"href":"https:\/\/knappteich.de\/index.php\/wp-json\/wp\/v2\/tags?post=2150"}],"curies":[{"name":"wp","href":"https:\/\/api.w.org\/{rel}","templated":true}]}}