{"id":2068,"date":"2018-09-21T22:50:44","date_gmt":"2018-09-21T20:50:44","guid":{"rendered":"https:\/\/knappteich.de\/?p=2068"},"modified":"2018-11-20T22:26:52","modified_gmt":"2018-11-20T21:26:52","slug":"bauplatz-um-werkstattcontainer","status":"publish","type":"post","link":"https:\/\/knappteich.de\/index.php\/2018\/09\/21\/bauplatz-um-werkstattcontainer\/","title":{"rendered":"Bauplatz um Werkstattcontainer"},"content":{"rendered":"<p>Nachdem der Gr\u00fcnschnitt und das Altholz im <a href=\"https:\/\/knappteich.de\/index.php\/2018\/09\/10\/arbeitseinsatz-am-knappteich-2\/\">vorangegangenen Arbeitseinsatz<\/a> entsorgt wurde, kamen jetzt die baulichen Arbieten um den Werkstattcontainer. Mit Frostschutz und Split, sowie einigen Fertigbetonsteinen wurde die Standsicherung des Containers vorangetrieben.<\/p>\n<p><a href=\"https:\/\/knappteich.de\/wp-content\/uploads\/2018\/09\/Bauvorbereitung.jpg\"><img loading=\"lazy\" decoding=\"async\" class=\"alignnone wp-image-2070\" src=\"https:\/\/knappteich.de\/wp-content\/uploads\/2018\/09\/Bauvorbereitung-300x173.jpg\" alt=\"\" width=\"279\" height=\"166\" \/><\/a> <a href=\"https:\/\/knappteich.de\/wp-content\/uploads\/2018\/09\/Bauausf\u00fchrung.jpg\">\u00a0<img loading=\"lazy\" decoding=\"async\" class=\"alignnone wp-image-2071\" src=\"https:\/\/knappteich.de\/wp-content\/uploads\/2018\/09\/Bauausf\u00fchrung-300x189.jpg\" alt=\"\" width=\"259\" height=\"167\" \/><\/a><\/p>\n<p>Bei bestem letztem Sommerwetter gingen die Arbeiten flott von der Hand. F\u00fcr die Umsetzung unter Schwei\u00df und Sonnenglut geht gro\u00dfer Dank an Jens und Hannes.<\/p>\n<p>Dank auch an Thomas, J\u00fcrgen, Karl-Heinz und die Firma <a href=\"https:\/\/www.schmidl-logistik.de\/\" target=\"_blank\" rel=\"noopener\">Schmidl &amp; Sohn<\/a> f\u00fcr die Koordination und und Bereitstellung von Baumaterial.<\/p>\n","protected":false},"excerpt":{"rendered":"<p>Nachdem der Gr\u00fcnschnitt und das Altholz im vorangegangenen Arbeitseinsatz entsorgt wurde, kamen jetzt die baulichen Arbieten um den Werkstattcontainer. Mit Frostschutz und Split, sowie einigen Fertigbetonsteinen wurde die Standsicherung des Containers vorangetrieben. \u00a0 Bei bestem letztem Sommerwetter gingen die Arbeiten &hellip; <a href=\"https:\/\/knappteich.de\/index.php\/2018\/09\/21\/bauplatz-um-werkstattcontainer\/\">Weiterlesen <span class=\"meta-nav\">&rarr;<\/span><\/a><\/p>\n","protected":false},"author":3,"featured_media":0,"comment_status":"closed","ping_status":"closed","sticky":false,"template":"","format":"standard","meta":{"footnotes":""},"categories":[3],"tags":[],"class_list":["post-2068","post","type-post","status-publish","format-standard","hentry","category-archiv"],"_links":{"self":[{"href":"https:\/\/knappteich.de\/index.php\/wp-json\/wp\/v2\/posts\/2068","targetHints":{"allow":["GET"]}}],"collection":[{"href":"https:\/\/knappteich.de\/index.php\/wp-json\/wp\/v2\/posts"}],"about":[{"href":"https:\/\/knappteich.de\/index.php\/wp-json\/wp\/v2\/types\/post"}],"author":[{"embeddable":true,"href":"https:\/\/knappteich.de\/index.php\/wp-json\/wp\/v2\/users\/3"}],"replies":[{"embeddable":true,"href":"https:\/\/knappteich.de\/index.php\/wp-json\/wp\/v2\/comments?post=2068"}],"version-history":[{"count":2,"href":"https:\/\/knappteich.de\/index.php\/wp-json\/wp\/v2\/posts\/2068\/revisions"}],"predecessor-version":[{"id":2073,"href":"https:\/\/knappteich.de\/index.php\/wp-json\/wp\/v2\/posts\/2068\/revisions\/2073"}],"wp:attachment":[{"href":"https:\/\/knappteich.de\/index.php\/wp-json\/wp\/v2\/media?parent=2068"}],"wp:term":[{"taxonomy":"category","embeddable":true,"href":"https:\/\/knappteich.de\/index.php\/wp-json\/wp\/v2\/categories?post=2068"},{"taxonomy":"post_tag","embeddable":true,"href":"https:\/\/knappteich.de\/index.php\/wp-json\/wp\/v2\/tags?post=2068"}],"curies":[{"name":"wp","href":"https:\/\/api.w.org\/{rel}","templated":true}]}}