{"id":2005,"date":"2018-08-12T19:43:17","date_gmt":"2018-08-12T17:43:17","guid":{"rendered":"https:\/\/knappteich.de\/?p=2005"},"modified":"2018-10-14T16:58:40","modified_gmt":"2018-10-14T14:58:40","slug":"arbeitseinsatz-am-knappteich","status":"publish","type":"post","link":"https:\/\/knappteich.de\/index.php\/2018\/08\/12\/arbeitseinsatz-am-knappteich\/","title":{"rendered":"Arbeitseinsatz am Knappteich"},"content":{"rendered":"<p>Am Sonnabend den 11.08. haben wir einen Arbeitseinsatz am Knappteich durchgef\u00fchrt, der nicht ganz freiwillig zustande kam. Einerseits gab es einen <a href=\"https:\/\/knappteich.de\/index.php\/2018\/08\/09\/sturmschaeden\/\">Sturmschaden<\/a>, den wir beseitigten. Die gr\u00f6\u00dferen Holzst\u00fccke werden wir beim Bau oder in der Feuerschale verwenden und aus den Weidenruten haben wir ein Tipi-Zelt am Teich errichtet.<\/p>\n<p><a href=\"https:\/\/knappteich.de\/wp-content\/uploads\/2018\/08\/20180811_Tipibau-0.jpg\"><img loading=\"lazy\" decoding=\"async\" class=\"alignnone wp-image-2007\" src=\"https:\/\/knappteich.de\/wp-content\/uploads\/2018\/08\/20180811_Tipibau-0-300x284.jpg\" alt=\"\" width=\"243\" height=\"230\" srcset=\"https:\/\/knappteich.de\/wp-content\/uploads\/2018\/08\/20180811_Tipibau-0-300x284.jpg 300w, https:\/\/knappteich.de\/wp-content\/uploads\/2018\/08\/20180811_Tipibau-0-768x728.jpg 768w, https:\/\/knappteich.de\/wp-content\/uploads\/2018\/08\/20180811_Tipibau-0.jpg 1024w, https:\/\/knappteich.de\/wp-content\/uploads\/2018\/08\/20180811_Tipibau-0-316x300.jpg 316w\" sizes=\"auto, (max-width: 243px) 100vw, 243px\" \/><\/a> <a href=\"https:\/\/knappteich.de\/wp-content\/uploads\/2018\/08\/20180811_Tipibau-1.jpg\">\u00a0\u00a0\u00a0 <img loading=\"lazy\" decoding=\"async\" class=\"alignnone wp-image-2008\" src=\"https:\/\/knappteich.de\/wp-content\/uploads\/2018\/08\/20180811_Tipibau-1-300x246.jpg\" alt=\"\" width=\"282\" height=\"233\" srcset=\"https:\/\/knappteich.de\/wp-content\/uploads\/2018\/08\/20180811_Tipibau-1-768x631.jpg 768w, https:\/\/knappteich.de\/wp-content\/uploads\/2018\/08\/20180811_Tipibau-1.jpg 1024w, https:\/\/knappteich.de\/wp-content\/uploads\/2018\/08\/20180811_Tipibau-1-365x300.jpg 365w\" sizes=\"auto, (max-width: 282px) 100vw, 282px\" \/><\/a><\/p>\n<p><a href=\"https:\/\/knappteich.de\/wp-content\/uploads\/2018\/08\/20180811_Insel-0.jpg\"><img loading=\"lazy\" decoding=\"async\" class=\"size-medium wp-image-2009 alignleft\" src=\"https:\/\/knappteich.de\/wp-content\/uploads\/2018\/08\/20180811_Insel-0-238x300.jpg\" alt=\"\" width=\"238\" height=\"300\" srcset=\"https:\/\/knappteich.de\/wp-content\/uploads\/2018\/08\/20180811_Insel-0-238x300.jpg 238w, https:\/\/knappteich.de\/wp-content\/uploads\/2018\/08\/20180811_Insel-0-768x968.jpg 768w, https:\/\/knappteich.de\/wp-content\/uploads\/2018\/08\/20180811_Insel-0-813x1024.jpg 813w, https:\/\/knappteich.de\/wp-content\/uploads\/2018\/08\/20180811_Insel-0.jpg 1024w\" sizes=\"auto, (max-width: 238px) 100vw, 238px\" \/><\/a>Andererseits wollten wir endlich wissen, ob es auf der Knappteichinsel Spuren eines Minks gibt. Wir konnten auf der Insel weder eine Fressstelle noch Anzeichen eines Baus ausmachen. Somit gehen wir davon aus, das der von Anwohnern gesichtete Mink sich nicht bei uns heimisch eingerichtet hat.<br \/>\nDer \u00dcbergang in einer Wathose zeigte, das man fast nur in Gummistiefeln zur Insel r\u00fcberkommt. Der Wasserstand im Teich ist sehr niedrig. Die Wasserf\u00e4rbung weist Anzeichen f\u00fcr ein nahendes Umkippen auf. Wir haben das der Stadt zur Kenntnis gegeben.<\/p>\n<p>Geschafft haben wir mal wieder eine ganze Menge bei diesem Arbeitseinsatz:<!--more--><\/p>\n<p>&#8211; Totholz aus dem Teich geborgen,<br \/>\n&#8211; Regenwasserrohre verlegt,<br \/>\n&#8211; den hinteren Teichbereich freigeschnitten,<br \/>\n&#8211; Gehsteige von Unkraut bereinigt,<br \/>\n&#8211; die Trockentoilette gestrichen und<br \/>\n&#8211; Saatgut und Fr\u00fcchte (Tomaten, Brombeeren) geerntet.<\/p>\n<p>Zum Schluss wurden wir noch mit alkoholfreien Cocktails belohnt. Vielen Dank an Robin &amp; Co. &#8211; die Cocktails waren echt lecker !<\/p>\n<p>Der Dank f\u00fcr den Einsatz geht an Karl-Heinz, Jens, Oliver, Noah, Hermine, Josefine, Sven, Robin und Kumpel sowie Thomas.<\/p>\n","protected":false},"excerpt":{"rendered":"<p>Am Sonnabend den 11.08. haben wir einen Arbeitseinsatz am Knappteich durchgef\u00fchrt, der nicht ganz freiwillig zustande kam. Einerseits gab es einen Sturmschaden, den wir beseitigten. Die gr\u00f6\u00dferen Holzst\u00fccke werden wir beim Bau oder in der Feuerschale verwenden und aus den &hellip; <a href=\"https:\/\/knappteich.de\/index.php\/2018\/08\/12\/arbeitseinsatz-am-knappteich\/\">Weiterlesen <span class=\"meta-nav\">&rarr;<\/span><\/a><\/p>\n","protected":false},"author":3,"featured_media":0,"comment_status":"closed","ping_status":"closed","sticky":false,"template":"","format":"standard","meta":{"footnotes":""},"categories":[3],"tags":[],"class_list":["post-2005","post","type-post","status-publish","format-standard","hentry","category-archiv"],"_links":{"self":[{"href":"https:\/\/knappteich.de\/index.php\/wp-json\/wp\/v2\/posts\/2005","targetHints":{"allow":["GET"]}}],"collection":[{"href":"https:\/\/knappteich.de\/index.php\/wp-json\/wp\/v2\/posts"}],"about":[{"href":"https:\/\/knappteich.de\/index.php\/wp-json\/wp\/v2\/types\/post"}],"author":[{"embeddable":true,"href":"https:\/\/knappteich.de\/index.php\/wp-json\/wp\/v2\/users\/3"}],"replies":[{"embeddable":true,"href":"https:\/\/knappteich.de\/index.php\/wp-json\/wp\/v2\/comments?post=2005"}],"version-history":[{"count":6,"href":"https:\/\/knappteich.de\/index.php\/wp-json\/wp\/v2\/posts\/2005\/revisions"}],"predecessor-version":[{"id":2014,"href":"https:\/\/knappteich.de\/index.php\/wp-json\/wp\/v2\/posts\/2005\/revisions\/2014"}],"wp:attachment":[{"href":"https:\/\/knappteich.de\/index.php\/wp-json\/wp\/v2\/media?parent=2005"}],"wp:term":[{"taxonomy":"category","embeddable":true,"href":"https:\/\/knappteich.de\/index.php\/wp-json\/wp\/v2\/categories?post=2005"},{"taxonomy":"post_tag","embeddable":true,"href":"https:\/\/knappteich.de\/index.php\/wp-json\/wp\/v2\/tags?post=2005"}],"curies":[{"name":"wp","href":"https:\/\/api.w.org\/{rel}","templated":true}]}}