{"id":1656,"date":"2018-04-11T20:40:20","date_gmt":"2018-04-11T18:40:20","guid":{"rendered":"https:\/\/knappteich.de\/?p=1656"},"modified":"2018-08-29T20:56:22","modified_gmt":"2018-08-29T18:56:22","slug":"chemnitz-liest-heym-am-knappteich","status":"publish","type":"post","link":"https:\/\/knappteich.de\/index.php\/2018\/04\/11\/chemnitz-liest-heym-am-knappteich\/","title":{"rendered":"&#8222;Chemnitz liest Heym&#8220; am Knappteich"},"content":{"rendered":"<div class=\"et_pb_text et_pb_module et_pb_bg_layout_light et_pb_text_align_left et_pb_text_1\">\n<div class=\"et_pb_text_inner\">\n<p><a href=\"https:\/\/knappteich.de\/wp-content\/uploads\/2018\/02\/Er\u00f6ffnungsbild.jpg\"><img loading=\"lazy\" decoding=\"async\" class=\"alignnone size-large wp-image-1658\" src=\"https:\/\/knappteich.de\/wp-content\/uploads\/2018\/02\/Er\u00f6ffnungsbild-1024x468.jpg\" alt=\"\" width=\"584\" height=\"267\" srcset=\"https:\/\/knappteich.de\/wp-content\/uploads\/2018\/02\/Er\u00f6ffnungsbild-1024x468.jpg 1024w, https:\/\/knappteich.de\/wp-content\/uploads\/2018\/02\/Er\u00f6ffnungsbild-300x137.jpg 300w, https:\/\/knappteich.de\/wp-content\/uploads\/2018\/02\/Er\u00f6ffnungsbild-768x351.jpg 768w, https:\/\/knappteich.de\/wp-content\/uploads\/2018\/02\/Er\u00f6ffnungsbild-500x228.jpg 500w, https:\/\/knappteich.de\/wp-content\/uploads\/2018\/02\/Er\u00f6ffnungsbild.jpg 1200w\" sizes=\"auto, (max-width: 584px) 100vw, 584px\" \/><\/a><\/p>\n<p><strong><a href=\"http:\/\/www.chemnitzer-stadtgeschichten.de\/chemnitz-liest-heym\/\" target=\"_blank\" rel=\"noopener\"><em>Chemnitz liest Heym<\/em><\/a> \u2013 <\/strong>dieses Motto war am <strong>Dienstag, den 10. April 2018<\/strong> Wirklichkeit. Zum 105. Geburtstag von Stefan Heym wurden ganzt\u00e4gig, an vielen \u00f6ffentlichen Pl\u00e4tzen und Einrichtungen in Chemnitz, Texte des Ehrenb\u00fcrgers unserer Stadt vorgelesen.<\/p>\n<p><strong>Und der B\u00fcrgergarten am Knappteich war mit dabei. Von 15:00 \u2013 16:00 Uhr lasen <\/strong><br \/>\n<strong>Petra Lory und Monika Gottschalk Werke von Stefan Heym<\/strong><strong> im B\u00fcrgergarten.<\/strong><\/p>\n<p><a href=\"https:\/\/knappteich.de\/wp-content\/uploads\/2018\/04\/IMG_0853_small.jpg\"><img loading=\"lazy\" decoding=\"async\" class=\"alignnone  wp-image-1783\" src=\"https:\/\/knappteich.de\/wp-content\/uploads\/2018\/04\/IMG_0853_small-300x229.jpg\" alt=\"\" width=\"277\" height=\"214\" \/><\/a>\u00a0 <a href=\"https:\/\/knappteich.de\/wp-content\/uploads\/2018\/04\/IMG_0854_small.jpg\"><img loading=\"lazy\" decoding=\"async\" class=\"alignnone  wp-image-1780\" src=\"https:\/\/knappteich.de\/wp-content\/uploads\/2018\/04\/IMG_0854_small-300x247.jpg\" alt=\"\" width=\"261\" height=\"217\" \/><\/a><\/p>\n<\/div>\n<\/div>\n<div class=\"et_pb_text et_pb_module et_pb_bg_layout_light et_pb_text_align_left et_pb_text_1\">\n<div class=\"et_pb_text_inner\">Die geneigten Zuh\u00f6rer waren sichtlich erheitert \u00fcber Ausz\u00fcge aus den Werken &#8222;Immer sind die Weiber weg&#8220; und &#8222;M\u00e4rchen f\u00fcr kluge Kinder&#8220;. Bei Kaffee und Muffins lie\u00df sich die Zeit in der Sonne sehr gut genie\u00dfen.<br \/>\n<a href=\"http:\/\/www.stefan-heym-gesellschaft.de\/\" target=\"_blank\" rel=\"noopener\"><img loading=\"lazy\" decoding=\"async\" class=\"alignnone wp-image-1667\" src=\"https:\/\/knappteich.de\/wp-content\/uploads\/2018\/02\/HeymLogo-300x119.gif\" alt=\"\" width=\"274\" height=\"115\" \/><\/a> <a href=\"http:\/\/www.stadtbibliothek-chemnitz.de\/\" target=\"_blank\" rel=\"noopener\"><img loading=\"lazy\" decoding=\"async\" class=\"alignnone wp-image-1668\" src=\"https:\/\/knappteich.de\/wp-content\/uploads\/2018\/02\/LogoStadtbibliothek-300x127.jpg\" alt=\"\" width=\"272\" height=\"121\" \/><\/a><\/p>\n<\/div>\n<\/div>\n","protected":false},"excerpt":{"rendered":"<p>Chemnitz liest Heym \u2013 dieses Motto war am Dienstag, den 10. April 2018 Wirklichkeit. Zum 105. Geburtstag von Stefan Heym wurden ganzt\u00e4gig, an vielen \u00f6ffentlichen Pl\u00e4tzen und Einrichtungen in Chemnitz, Texte des Ehrenb\u00fcrgers unserer Stadt vorgelesen. Und der B\u00fcrgergarten am &hellip; <a href=\"https:\/\/knappteich.de\/index.php\/2018\/04\/11\/chemnitz-liest-heym-am-knappteich\/\">Weiterlesen <span class=\"meta-nav\">&rarr;<\/span><\/a><\/p>\n","protected":false},"author":3,"featured_media":0,"comment_status":"closed","ping_status":"closed","sticky":false,"template":"","format":"standard","meta":{"footnotes":""},"categories":[3],"tags":[],"class_list":["post-1656","post","type-post","status-publish","format-standard","hentry","category-archiv"],"_links":{"self":[{"href":"https:\/\/knappteich.de\/index.php\/wp-json\/wp\/v2\/posts\/1656","targetHints":{"allow":["GET"]}}],"collection":[{"href":"https:\/\/knappteich.de\/index.php\/wp-json\/wp\/v2\/posts"}],"about":[{"href":"https:\/\/knappteich.de\/index.php\/wp-json\/wp\/v2\/types\/post"}],"author":[{"embeddable":true,"href":"https:\/\/knappteich.de\/index.php\/wp-json\/wp\/v2\/users\/3"}],"replies":[{"embeddable":true,"href":"https:\/\/knappteich.de\/index.php\/wp-json\/wp\/v2\/comments?post=1656"}],"version-history":[{"count":11,"href":"https:\/\/knappteich.de\/index.php\/wp-json\/wp\/v2\/posts\/1656\/revisions"}],"predecessor-version":[{"id":1785,"href":"https:\/\/knappteich.de\/index.php\/wp-json\/wp\/v2\/posts\/1656\/revisions\/1785"}],"wp:attachment":[{"href":"https:\/\/knappteich.de\/index.php\/wp-json\/wp\/v2\/media?parent=1656"}],"wp:term":[{"taxonomy":"category","embeddable":true,"href":"https:\/\/knappteich.de\/index.php\/wp-json\/wp\/v2\/categories?post=1656"},{"taxonomy":"post_tag","embeddable":true,"href":"https:\/\/knappteich.de\/index.php\/wp-json\/wp\/v2\/tags?post=1656"}],"curies":[{"name":"wp","href":"https:\/\/api.w.org\/{rel}","templated":true}]}}