{"id":1446,"date":"2017-10-17T19:45:40","date_gmt":"2017-10-17T17:45:40","guid":{"rendered":"https:\/\/knappteich.de\/?p=1446"},"modified":"2017-12-23T15:51:35","modified_gmt":"2017-12-23T14:51:35","slug":"veranstaltungsreihe-am-knappteich-beginnt","status":"publish","type":"post","link":"https:\/\/knappteich.de\/index.php\/2017\/10\/17\/veranstaltungsreihe-am-knappteich-beginnt\/","title":{"rendered":"Veranstaltungsreihe am Knappteich beginnt"},"content":{"rendered":"<p>In den n\u00e4chsten Wochen finden in der neuen Vereinsh\u00fctte im B\u00fcrgergarten am Knappteich vier Veranstaltungen statt. Damit starten wir nun offiziell in den Nachbarschaftstreff Knappteich. 2018 wird es dann eine Fortsetzung geben.<\/p>\n<p>Wir starten am 21.10.2017 mit dem Vortrag von Frau Taiwo Christina Ilesanmi aus Lagos (Nigeria). Die Studentin aus Dresden wird \u00fcber ihr Land und der Wandel hier zur Gleichberechtigung von Mann und Frau sprechen. Wir freuen uns auf viele Besucher.<\/p>\n<p>Von 10-13 Uhr findet ein gemeinsamer Workshop statt, wo wir Hochbeete am Knappteich bauen. Im Anschluss kochen wir mit Taiwo am Feuer ein typisches Nationalgericht und lauschen im Anschluss dem Vortrag. Im Anschluss gehen wir in eine offene Diskussion \u00fcber.<\/p>\n<p><span style=\"color: #800000;\"><strong>21.10. * Nigeria &#8211; Auf dem Weg zur Gleichberechtigung<\/strong><\/span><br \/>\n<strong>10:00 \u2013 13:00 Uhr \u00b7 Arbeiten \/ Workshop \/ gemeinsam Kochen<\/strong><br \/>\n<strong>13:00 \u2013 16:00 Uhr \u00b7 Vortrag und Diskussion<\/strong><br \/>\n<em>Ein Vortrag von Frau Taiwo Christiana Ilesanmi (Lagos) Studentin in Dresden<\/em><br \/>\n<em>Nigeria, das bev\u00f6lkerungsreichste Land Afrika hat ein reiches vielf\u00e4ltiges<\/em><br \/>\n<em>kulturelles Erbe mit mehr als 250 ethnische Gruppen. Mit eine der gr\u00f6\u00dften<\/em><br \/>\n<em>Demokratien in der Welt und ein Pr\u00e4sidialsystem der Regierung hat es eine<\/em><br \/>\n<em>duale Wirtschaft, basierend auf seinen reichen nat\u00fcrlichen Ressourcen,<\/em><br \/>\n<em>tradi*onelle Landwirtscha, und Handel.<\/em><\/p>\n<p><strong>04.11. * Philippinen &#8211; Schattenseiten des Wirtschaftswachstum<\/strong><br \/>\n<strong>11.11. * Afghanistan &#8211; Ein Land im Krieg<\/strong><br \/>\n<strong>16.12. * Mongolei &#8211; Ein reiches und armes Land<\/strong><\/p>\n","protected":false},"excerpt":{"rendered":"<p>In den n\u00e4chsten Wochen finden in der neuen Vereinsh\u00fctte im B\u00fcrgergarten am Knappteich vier Veranstaltungen statt. Damit starten wir nun offiziell in den Nachbarschaftstreff Knappteich. 2018 wird es dann eine Fortsetzung geben. Wir starten am 21.10.2017 mit dem Vortrag von &hellip; <a href=\"https:\/\/knappteich.de\/index.php\/2017\/10\/17\/veranstaltungsreihe-am-knappteich-beginnt\/\">Weiterlesen <span class=\"meta-nav\">&rarr;<\/span><\/a><\/p>\n","protected":false},"author":8,"featured_media":0,"comment_status":"closed","ping_status":"closed","sticky":false,"template":"","format":"standard","meta":{"footnotes":""},"categories":[3],"tags":[],"class_list":["post-1446","post","type-post","status-publish","format-standard","hentry","category-archiv"],"_links":{"self":[{"href":"https:\/\/knappteich.de\/index.php\/wp-json\/wp\/v2\/posts\/1446","targetHints":{"allow":["GET"]}}],"collection":[{"href":"https:\/\/knappteich.de\/index.php\/wp-json\/wp\/v2\/posts"}],"about":[{"href":"https:\/\/knappteich.de\/index.php\/wp-json\/wp\/v2\/types\/post"}],"author":[{"embeddable":true,"href":"https:\/\/knappteich.de\/index.php\/wp-json\/wp\/v2\/users\/8"}],"replies":[{"embeddable":true,"href":"https:\/\/knappteich.de\/index.php\/wp-json\/wp\/v2\/comments?post=1446"}],"version-history":[{"count":2,"href":"https:\/\/knappteich.de\/index.php\/wp-json\/wp\/v2\/posts\/1446\/revisions"}],"predecessor-version":[{"id":1448,"href":"https:\/\/knappteich.de\/index.php\/wp-json\/wp\/v2\/posts\/1446\/revisions\/1448"}],"wp:attachment":[{"href":"https:\/\/knappteich.de\/index.php\/wp-json\/wp\/v2\/media?parent=1446"}],"wp:term":[{"taxonomy":"category","embeddable":true,"href":"https:\/\/knappteich.de\/index.php\/wp-json\/wp\/v2\/categories?post=1446"},{"taxonomy":"post_tag","embeddable":true,"href":"https:\/\/knappteich.de\/index.php\/wp-json\/wp\/v2\/tags?post=1446"}],"curies":[{"name":"wp","href":"https:\/\/api.w.org\/{rel}","templated":true}]}}