{"id":1384,"date":"2017-09-24T22:52:36","date_gmt":"2017-09-24T20:52:36","guid":{"rendered":"https:\/\/knappteich.de\/?p=1384"},"modified":"2019-01-20T14:05:22","modified_gmt":"2019-01-20T13:05:22","slug":"arbeitseinsatz-am-knappteich-23-09-2017","status":"publish","type":"post","link":"https:\/\/knappteich.de\/index.php\/2017\/09\/24\/arbeitseinsatz-am-knappteich-23-09-2017\/","title":{"rendered":"Arbeitseinsatz am Knappteich &#8211; 23.09.2017"},"content":{"rendered":"<p>Hallo zusammen,<br \/>\ndiesen Sonnabend sind wir wieder ein gutes St\u00fcck vorangekommen, auf unserem Weg hin zum B\u00fcrgergarten am Knappteich im Yorckgebiet.<\/p>\n<p>Wir haben Baum\u00fcll beseitigt, das umliegende Areal wieder gartenf\u00e4hig gemacht, den Boden des Werkstattcontainers innen gestrichen, die Kompostfl\u00e4chen f\u00fcr die n\u00e4chste Gartensaison umorganisiert, die Gehwege vom Unkraut befreit, den Ger\u00e4teschuppen wieder auf Vordermann gebracht, letzte Bohnen, Kartoffeln sowie K\u00fcrbisse geerntet und f\u00fcr das Winterhalbjahr Postelein, Gr\u00fcn im Schnee und Feldsalat in die Erde gebracht.<\/p>\n<p><a href=\"https:\/\/knappteich.de\/wp-content\/uploads\/2017\/09\/IMG_6395.jpg\"><img loading=\"lazy\" decoding=\"async\" class=\"alignnone wp-image-1382\" src=\"https:\/\/knappteich.de\/wp-content\/uploads\/2017\/09\/IMG_6395-300x225.jpg\" alt=\"\" width=\"270\" height=\"205\" \/>\u00a0 <\/a><a href=\"https:\/\/knappteich.de\/wp-content\/uploads\/2017\/09\/IMG_6383.jpg\"><img loading=\"lazy\" decoding=\"async\" class=\"alignnone wp-image-1383\" src=\"https:\/\/knappteich.de\/wp-content\/uploads\/2017\/09\/IMG_6383-300x225.jpg\" alt=\"\" width=\"270\" height=\"205\" \/><\/a><\/p>\n<p>Ebenso haben wir die Vorbereitungen f\u00fcr die <a href=\"https:\/\/knappteich.de\/index.php\/2017\/09\/19\/pflanzaktion-am-knappteich-30-09-17-10-14-uhr\/\">Pflanzaktion am kommenden Sonnabend <\/a>am Knappteich vorgeplant und den fl\u00e4chigen Wildwuchs zur\u00fcckgeschnitten.<\/p>\n<p><a href=\"https:\/\/knappteich.de\/wp-content\/uploads\/2017\/09\/IMG_6405.jpg\"><img loading=\"lazy\" decoding=\"async\" class=\"size-medium wp-image-1381 alignleft\" src=\"https:\/\/knappteich.de\/wp-content\/uploads\/2017\/09\/IMG_6405-300x225.jpg\" alt=\"\" width=\"300\" height=\"225\" srcset=\"https:\/\/knappteich.de\/wp-content\/uploads\/2017\/09\/IMG_6405-300x225.jpg 300w, https:\/\/knappteich.de\/wp-content\/uploads\/2017\/09\/IMG_6405-768x576.jpg 768w, https:\/\/knappteich.de\/wp-content\/uploads\/2017\/09\/IMG_6405-1024x768.jpg 1024w, https:\/\/knappteich.de\/wp-content\/uploads\/2017\/09\/IMG_6405-400x300.jpg 400w, https:\/\/knappteich.de\/wp-content\/uploads\/2017\/09\/IMG_6405.jpg 1142w\" sizes=\"auto, (max-width: 300px) 100vw, 300px\" \/><\/a>Der Dank geht an alle Mitmacher &#8211; besonders Elisabeth, Oliver, Neo, Thomasse und vor allem Arjan.<\/p>\n<p>&nbsp;<\/p>\n","protected":false},"excerpt":{"rendered":"<p>Hallo zusammen, diesen Sonnabend sind wir wieder ein gutes St\u00fcck vorangekommen, auf unserem Weg hin zum B\u00fcrgergarten am Knappteich im Yorckgebiet. Wir haben Baum\u00fcll beseitigt, das umliegende Areal wieder gartenf\u00e4hig gemacht, den Boden des Werkstattcontainers innen gestrichen, die Kompostfl\u00e4chen f\u00fcr &hellip; <a href=\"https:\/\/knappteich.de\/index.php\/2017\/09\/24\/arbeitseinsatz-am-knappteich-23-09-2017\/\">Weiterlesen <span class=\"meta-nav\">&rarr;<\/span><\/a><\/p>\n","protected":false},"author":3,"featured_media":0,"comment_status":"closed","ping_status":"closed","sticky":false,"template":"","format":"standard","meta":{"footnotes":""},"categories":[3],"tags":[],"class_list":["post-1384","post","type-post","status-publish","format-standard","hentry","category-archiv"],"_links":{"self":[{"href":"https:\/\/knappteich.de\/index.php\/wp-json\/wp\/v2\/posts\/1384","targetHints":{"allow":["GET"]}}],"collection":[{"href":"https:\/\/knappteich.de\/index.php\/wp-json\/wp\/v2\/posts"}],"about":[{"href":"https:\/\/knappteich.de\/index.php\/wp-json\/wp\/v2\/types\/post"}],"author":[{"embeddable":true,"href":"https:\/\/knappteich.de\/index.php\/wp-json\/wp\/v2\/users\/3"}],"replies":[{"embeddable":true,"href":"https:\/\/knappteich.de\/index.php\/wp-json\/wp\/v2\/comments?post=1384"}],"version-history":[{"count":3,"href":"https:\/\/knappteich.de\/index.php\/wp-json\/wp\/v2\/posts\/1384\/revisions"}],"predecessor-version":[{"id":2319,"href":"https:\/\/knappteich.de\/index.php\/wp-json\/wp\/v2\/posts\/1384\/revisions\/2319"}],"wp:attachment":[{"href":"https:\/\/knappteich.de\/index.php\/wp-json\/wp\/v2\/media?parent=1384"}],"wp:term":[{"taxonomy":"category","embeddable":true,"href":"https:\/\/knappteich.de\/index.php\/wp-json\/wp\/v2\/categories?post=1384"},{"taxonomy":"post_tag","embeddable":true,"href":"https:\/\/knappteich.de\/index.php\/wp-json\/wp\/v2\/tags?post=1384"}],"curies":[{"name":"wp","href":"https:\/\/api.w.org\/{rel}","templated":true}]}}