{"id":1284,"date":"2017-07-18T16:13:09","date_gmt":"2017-07-18T14:13:09","guid":{"rendered":"https:\/\/knappteich.de\/?p=1284"},"modified":"2017-10-06T21:02:25","modified_gmt":"2017-10-06T19:02:25","slug":"gemeinschaftsgarten-netzwerktreffen","status":"publish","type":"post","link":"https:\/\/knappteich.de\/index.php\/2017\/07\/18\/gemeinschaftsgarten-netzwerktreffen\/","title":{"rendered":"Gemeinschaftsgarten-Netzwerktreffen"},"content":{"rendered":"<p>Am 16.07. war das Projekt &#8222;Unser Knappteich&#8220; mit Besuchsort des Gemeinschaftsgarten-Netzwerktreffens in Chemnitz. Angefangen hat die Besuchsrunde am Bahnhof mit der \u00dcbernahme der Mietfahrr\u00e4der und dann ging es nach einer kurzen Vorstellungsrunde zu den <a href=\"https:\/\/gartenutopie.de\/\" target=\"_blank\" rel=\"noopener noreferrer\">Gartenutopisten<\/a>.<\/p>\n<p><a href=\"https:\/\/knappteich.de\/wp-content\/uploads\/2017\/07\/17-07-16_GNW_Fahrradgruppe.jpg\"><img loading=\"lazy\" decoding=\"async\" class=\"alignnone wp-image-1286\" src=\"https:\/\/knappteich.de\/wp-content\/uploads\/2017\/07\/17-07-16_GNW_Fahrradgruppe-300x249.jpg\" alt=\"\" width=\"265\" height=\"222\" \/> \u00a0\u00a0<\/a> <a href=\"https:\/\/knappteich.de\/wp-content\/uploads\/2017\/07\/17-07-16_GNW_Gartenutopie.jpg\"><img loading=\"lazy\" decoding=\"async\" class=\"alignnone wp-image-1287\" src=\"https:\/\/knappteich.de\/wp-content\/uploads\/2017\/07\/17-07-16_GNW_Gartenutopie-300x241.jpg\" alt=\"\" width=\"275\" height=\"223\" \/><\/a><\/p>\n<p>Um einige Gemeinschaftsgarten-Eindr\u00fccke reicher ging es zum Knappteich. Die Besucher aus Leipzig, Dresden und Chemnitz konnten sich den derzeitigen Projektstand ansehen und mit guten Tipps und Tricks unterst\u00fctzen.<\/p>\n<p><a href=\"https:\/\/knappteich.de\/wp-content\/uploads\/2017\/07\/17-07-16_GNW_FLO_inKTG.jpg\"><img loading=\"lazy\" decoding=\"async\" class=\"alignnone wp-image-1288\" src=\"https:\/\/knappteich.de\/wp-content\/uploads\/2017\/07\/17-07-16_GNW_FLO_inKTG-300x225.jpg\" alt=\"\" width=\"259\" height=\"197\" \/> <\/a><a href=\"https:\/\/knappteich.de\/wp-content\/uploads\/2017\/07\/17-07-16_GNW_BASTI_inKTG.jpg\"><img loading=\"lazy\" decoding=\"async\" class=\"alignnone wp-image-1292\" src=\"https:\/\/knappteich.de\/wp-content\/uploads\/2017\/07\/17-07-16_GNW_BASTI_inKTG-300x200.jpg\" alt=\"\" width=\"290\" height=\"197\" \/><\/a><\/p>\n<p><!--more-->Abschlie\u00dfend besuchten wir den <a href=\"https:\/\/www.permakultur-tuc.de\/\" target=\"_blank\" rel=\"noopener noreferrer\">Gemeinschaftsgarten an der TU-Chemnitz<\/a>. Nach einem leckeren Mittagsimbiss wurden im anschlie\u00dfenden Workshop noch Hinweise auf die Weiterf\u00fchrung und Etablierung von Gemeinschaftsg\u00e4rten erarbeitet.<\/p>\n<p><a href=\"https:\/\/knappteich.de\/wp-content\/uploads\/2017\/07\/17-07-16_GNW_UNI-Garten_Mittag.jpg\"><img loading=\"lazy\" decoding=\"async\" class=\"alignnone wp-image-1289\" src=\"https:\/\/knappteich.de\/wp-content\/uploads\/2017\/07\/17-07-16_GNW_UNI-Garten_Mittag-300x244.jpg\" alt=\"\" width=\"259\" height=\"213\" \/><\/a><a href=\"https:\/\/knappteich.de\/wp-content\/uploads\/2017\/07\/17-07-16_GNW_FLO_workshop.jpg\">\u00a0 <img loading=\"lazy\" decoding=\"async\" class=\"alignnone wp-image-1290\" src=\"https:\/\/knappteich.de\/wp-content\/uploads\/2017\/07\/17-07-16_GNW_FLO_workshop-300x225.jpg\" alt=\"\" width=\"279\" height=\"213\" \/><\/a><\/p>\n<p>Ein wesentlicher Bestandteil sind die Komunikation \u00fcber &#8222;Tabu&#8220;-Themen &#8211; Regeln, Verantwortlichkeiten, Kritiken, Erwartungen &#8211; und die generelle Erarbeitung des Gemeinschaftszieles unter Beteiligung aller Akteure im Projekt.<\/p>\n<p><a href=\"https:\/\/www.dresden-pflanzbar.de\/2017\/08\/blick-ueber-den-gartenzaun-bericht-von-der-exkursion-nach-chemnitz\/\" target=\"_blank\" rel=\"noopener\">Hier<\/a> findet Ihr den offiziellen Pressetext dazu.<\/p>\n","protected":false},"excerpt":{"rendered":"<p>Am 16.07. war das Projekt &#8222;Unser Knappteich&#8220; mit Besuchsort des Gemeinschaftsgarten-Netzwerktreffens in Chemnitz. Angefangen hat die Besuchsrunde am Bahnhof mit der \u00dcbernahme der Mietfahrr\u00e4der und dann ging es nach einer kurzen Vorstellungsrunde zu den Gartenutopisten. \u00a0\u00a0 Um einige Gemeinschaftsgarten-Eindr\u00fccke reicher &hellip; <a href=\"https:\/\/knappteich.de\/index.php\/2017\/07\/18\/gemeinschaftsgarten-netzwerktreffen\/\">Weiterlesen <span class=\"meta-nav\">&rarr;<\/span><\/a><\/p>\n","protected":false},"author":3,"featured_media":0,"comment_status":"closed","ping_status":"closed","sticky":false,"template":"","format":"standard","meta":{"footnotes":""},"categories":[3],"tags":[],"class_list":["post-1284","post","type-post","status-publish","format-standard","hentry","category-archiv"],"_links":{"self":[{"href":"https:\/\/knappteich.de\/index.php\/wp-json\/wp\/v2\/posts\/1284","targetHints":{"allow":["GET"]}}],"collection":[{"href":"https:\/\/knappteich.de\/index.php\/wp-json\/wp\/v2\/posts"}],"about":[{"href":"https:\/\/knappteich.de\/index.php\/wp-json\/wp\/v2\/types\/post"}],"author":[{"embeddable":true,"href":"https:\/\/knappteich.de\/index.php\/wp-json\/wp\/v2\/users\/3"}],"replies":[{"embeddable":true,"href":"https:\/\/knappteich.de\/index.php\/wp-json\/wp\/v2\/comments?post=1284"}],"version-history":[{"count":5,"href":"https:\/\/knappteich.de\/index.php\/wp-json\/wp\/v2\/posts\/1284\/revisions"}],"predecessor-version":[{"id":1361,"href":"https:\/\/knappteich.de\/index.php\/wp-json\/wp\/v2\/posts\/1284\/revisions\/1361"}],"wp:attachment":[{"href":"https:\/\/knappteich.de\/index.php\/wp-json\/wp\/v2\/media?parent=1284"}],"wp:term":[{"taxonomy":"category","embeddable":true,"href":"https:\/\/knappteich.de\/index.php\/wp-json\/wp\/v2\/categories?post=1284"},{"taxonomy":"post_tag","embeddable":true,"href":"https:\/\/knappteich.de\/index.php\/wp-json\/wp\/v2\/tags?post=1284"}],"curies":[{"name":"wp","href":"https:\/\/api.w.org\/{rel}","templated":true}]}}