{"id":1039,"date":"2017-04-02T16:24:15","date_gmt":"2017-04-02T14:24:15","guid":{"rendered":"https:\/\/knappteich.de\/?p=1039"},"modified":"2017-04-11T22:18:34","modified_gmt":"2017-04-11T20:18:34","slug":"fruehjahrsputz-05-04-17-ab-1400-uhr-und-08-04-17-ab-1000-uhr","status":"publish","type":"post","link":"https:\/\/knappteich.de\/index.php\/2017\/04\/02\/fruehjahrsputz-05-04-17-ab-1400-uhr-und-08-04-17-ab-1000-uhr\/","title":{"rendered":"Fr\u00fchjahrsputz &#8211; 05.04.17 ab 14:00 Uhr und 08.04.17 ab 10:00 Uhr"},"content":{"rendered":"<div class=\"entry-content\">\n<p>Liebe Freunde des Knappteiches,<br \/>\nauch dieses Jahr laden wir alle zur gemeinsamen Fr\u00fchjahrsputzaktion am Knappteich ein.<br \/>\nDiesmal zweigeteilt:<\/p>\n<p><strong>Am Mittwoch, den 05.04.2017 beginnen wir 14 Uhr\u00a0 \u2013\u00a0 Treff ist im Knappteichgarten.<\/strong><\/p>\n<p><strong>Am Samstag, den 08.04.2017 starten wir um 10 Uhr\u00a0 \u2013\u00a0 Treff ist im Knappteichgarten.<\/strong><\/p>\n<p>Wir w\u00fcrden uns freuen wenn Ihr neben guter Laune auch flei\u00dfige H\u00e4nde mitbringt. Lasst uns gemeinsam die Reste des Winters beseitigen und dem Knappteich ein sch\u00f6neres Aussehen verleihen, in dem sich alle wohlf\u00fchlen. Wir werden die Saison mit Lagerfeuer, etwas zu Futtern und Getr\u00e4nken beginnen lassen. Ihr seid alle herzlich eingeladen.<\/p>\n<p>Euer Knappteichteam<\/p>\n<p><a href=\"https:\/\/knappteich.de\/wp-content\/uploads\/2017\/04\/IMG_5223_klein.jpg\"><img loading=\"lazy\" decoding=\"async\" class=\"alignnone size-large wp-image-1043\" src=\"https:\/\/knappteich.de\/wp-content\/uploads\/2017\/04\/IMG_5223_klein-1024x646.jpg\" alt=\"\" width=\"584\" height=\"368\" srcset=\"https:\/\/knappteich.de\/wp-content\/uploads\/2017\/04\/IMG_5223_klein-1024x646.jpg 1024w, https:\/\/knappteich.de\/wp-content\/uploads\/2017\/04\/IMG_5223_klein-300x189.jpg 300w, https:\/\/knappteich.de\/wp-content\/uploads\/2017\/04\/IMG_5223_klein-768x484.jpg 768w, https:\/\/knappteich.de\/wp-content\/uploads\/2017\/04\/IMG_5223_klein-476x300.jpg 476w, https:\/\/knappteich.de\/wp-content\/uploads\/2017\/04\/IMG_5223_klein.jpg 1204w\" sizes=\"auto, (max-width: 584px) 100vw, 584px\" \/><\/a><\/p>\n<\/div>\n","protected":false},"excerpt":{"rendered":"<p>Liebe Freunde des Knappteiches, auch dieses Jahr laden wir alle zur gemeinsamen Fr\u00fchjahrsputzaktion am Knappteich ein. Diesmal zweigeteilt: Am Mittwoch, den 05.04.2017 beginnen wir 14 Uhr\u00a0 \u2013\u00a0 Treff ist im Knappteichgarten. Am Samstag, den 08.04.2017 starten wir um 10 Uhr\u00a0 &hellip; <a href=\"https:\/\/knappteich.de\/index.php\/2017\/04\/02\/fruehjahrsputz-05-04-17-ab-1400-uhr-und-08-04-17-ab-1000-uhr\/\">Weiterlesen <span class=\"meta-nav\">&rarr;<\/span><\/a><\/p>\n","protected":false},"author":3,"featured_media":0,"comment_status":"closed","ping_status":"closed","sticky":false,"template":"","format":"standard","meta":{"footnotes":""},"categories":[3],"tags":[],"class_list":["post-1039","post","type-post","status-publish","format-standard","hentry","category-archiv"],"_links":{"self":[{"href":"https:\/\/knappteich.de\/index.php\/wp-json\/wp\/v2\/posts\/1039","targetHints":{"allow":["GET"]}}],"collection":[{"href":"https:\/\/knappteich.de\/index.php\/wp-json\/wp\/v2\/posts"}],"about":[{"href":"https:\/\/knappteich.de\/index.php\/wp-json\/wp\/v2\/types\/post"}],"author":[{"embeddable":true,"href":"https:\/\/knappteich.de\/index.php\/wp-json\/wp\/v2\/users\/3"}],"replies":[{"embeddable":true,"href":"https:\/\/knappteich.de\/index.php\/wp-json\/wp\/v2\/comments?post=1039"}],"version-history":[{"count":4,"href":"https:\/\/knappteich.de\/index.php\/wp-json\/wp\/v2\/posts\/1039\/revisions"}],"predecessor-version":[{"id":1044,"href":"https:\/\/knappteich.de\/index.php\/wp-json\/wp\/v2\/posts\/1039\/revisions\/1044"}],"wp:attachment":[{"href":"https:\/\/knappteich.de\/index.php\/wp-json\/wp\/v2\/media?parent=1039"}],"wp:term":[{"taxonomy":"category","embeddable":true,"href":"https:\/\/knappteich.de\/index.php\/wp-json\/wp\/v2\/categories?post=1039"},{"taxonomy":"post_tag","embeddable":true,"href":"https:\/\/knappteich.de\/index.php\/wp-json\/wp\/v2\/tags?post=1039"}],"curies":[{"name":"wp","href":"https:\/\/api.w.org\/{rel}","templated":true}]}}